{"id":2806,"date":"2021-01-13T17:53:13","date_gmt":"2021-01-13T17:53:13","guid":{"rendered":"http:\/\/cebilbilitanos.com\/?p=2806"},"modified":"2021-01-13T17:53:13","modified_gmt":"2021-01-13T17:53:13","slug":"matias-de-aguirre-navidad-en-zaragoza","status":"publish","type":"post","link":"https:\/\/cebilbilitanos.com\/?p=2806","title":{"rendered":"Mat\u00edas de Aguirre. Navidad en Zaragoza"},"content":{"rendered":"\n<p>El pr\u00f3ximo martes, 19 de enero, a las 18 horas, tendr\u00e1 lugar la  presentaci\u00f3n del libro Navidad de Zaragoza de Mat\u00edas de Aguirre,  en la sala Graci\u00e1n del Centro Asociado de la UNED de Calatayud, a  cargo de la consejera del Centro de Estudios Bilbilitanos Mar\u00eda Pilar  S\u00e1nchez Lailla, responsable de la edici\u00f3n, introducci\u00f3n y notas.<\/p>\n\n\n\n<figure class=\"wp-block-image\"><img decoding=\"async\" loading=\"lazy\" width=\"1024\" height=\"282\" src=\"http:\/\/cebilbilitanos.com\/wp-content\/uploads\/2021\/01\/10838-1-1024x282.jpg\" alt=\"\" class=\"wp-image-2807\" srcset=\"https:\/\/cebilbilitanos.com\/wp-content\/uploads\/2021\/01\/10838-1-1024x282.jpg 1024w, https:\/\/cebilbilitanos.com\/wp-content\/uploads\/2021\/01\/10838-1-300x83.jpg 300w, https:\/\/cebilbilitanos.com\/wp-content\/uploads\/2021\/01\/10838-1-768x211.jpg 768w, https:\/\/cebilbilitanos.com\/wp-content\/uploads\/2021\/01\/10838-1.jpg 1200w\" sizes=\"(max-width: 1024px) 100vw, 1024px\" \/><\/figure>\n\n\n\n<p>Retransmisi\u00f3n en directo por internet y asistencia presencial con el aforo reducido, previa inscripci\u00f3n. M\u00e1s informaci\u00f3n en:<br> <a href=\"http:\/\/ http:\/\/www.calatayud.uned.es\/news\/noticia.asp?id=10838\">http:\/\/ http:\/\/www.calatayud.uned.es\/news\/noticia.asp?id=10838<\/a><\/p>\n","protected":false},"excerpt":{"rendered":"<p>El pr\u00f3ximo martes, 19 de enero, a las 18 horas, tendr\u00e1 lugar la presentaci\u00f3n del libro Navidad de Zaragoza de Mat\u00edas de Aguirre, en la sala Graci\u00e1n del Centro Asociado de la UNED de Calatayud, a cargo de la consejera &hellip; <a href=\"https:\/\/cebilbilitanos.com\/?p=2806\">Sigue leyendo <span class=\"meta-nav\">&rarr;<\/span><\/a><\/p>\n","protected":false},"author":1,"featured_media":0,"comment_status":"closed","ping_status":"open","sticky":false,"template":"","format":"standard","meta":[],"categories":[23],"tags":[10],"_links":{"self":[{"href":"https:\/\/cebilbilitanos.com\/index.php?rest_route=\/wp\/v2\/posts\/2806"}],"collection":[{"href":"https:\/\/cebilbilitanos.com\/index.php?rest_route=\/wp\/v2\/posts"}],"about":[{"href":"https:\/\/cebilbilitanos.com\/index.php?rest_route=\/wp\/v2\/types\/post"}],"author":[{"embeddable":true,"href":"https:\/\/cebilbilitanos.com\/index.php?rest_route=\/wp\/v2\/users\/1"}],"replies":[{"embeddable":true,"href":"https:\/\/cebilbilitanos.com\/index.php?rest_route=%2Fwp%2Fv2%2Fcomments&post=2806"}],"version-history":[{"count":1,"href":"https:\/\/cebilbilitanos.com\/index.php?rest_route=\/wp\/v2\/posts\/2806\/revisions"}],"predecessor-version":[{"id":2808,"href":"https:\/\/cebilbilitanos.com\/index.php?rest_route=\/wp\/v2\/posts\/2806\/revisions\/2808"}],"wp:attachment":[{"href":"https:\/\/cebilbilitanos.com\/index.php?rest_route=%2Fwp%2Fv2%2Fmedia&parent=2806"}],"wp:term":[{"taxonomy":"category","embeddable":true,"href":"https:\/\/cebilbilitanos.com\/index.php?rest_route=%2Fwp%2Fv2%2Fcategories&post=2806"},{"taxonomy":"post_tag","embeddable":true,"href":"https:\/\/cebilbilitanos.com\/index.php?rest_route=%2Fwp%2Fv2%2Ftags&post=2806"}],"curies":[{"name":"wp","href":"https:\/\/api.w.org\/{rel}","templated":true}]}}