{"id":2797,"date":"2021-01-04T13:56:06","date_gmt":"2021-01-04T13:56:06","guid":{"rendered":"http:\/\/cebilbilitanos.com\/?p=2797"},"modified":"2021-01-04T13:56:06","modified_gmt":"2021-01-04T13:56:06","slug":"cese-del-presidente-del-ceb-jose-angel-urzay-barrios","status":"publish","type":"post","link":"https:\/\/cebilbilitanos.com\/?p=2797","title":{"rendered":"Cese del Presidente del CEB Jos\u00e9 \u00c1ngel Urzay Barrios"},"content":{"rendered":"\n<p>\u00a0\u00a0\u00a0\u00a0\u00a0\u00a0\u00a0\u00a0 De acuerdo con lo establecido en el Estatuto del CEB, Jos\u00e9 \u00c1ngel Urzay Barrios ha presentado su cese como presidente, con fecha de 31 de diciembre de 2020, al haber transcurrido cinco a\u00f1os desde su elecci\u00f3n en 2015.<\/p>\n\n\n\n<p>\u00a0\u00a0\u00a0\u00a0\u00a0\u00a0\u00a0\u00a0 A partir de esta fecha, siguiendo el protocolo establecido en el <a href=\"http:\/\/cebilbilitanos.com\/?p=2149\">Estatuto del CEB en su anexo I<\/a>, se hace cargo de la direcci\u00f3n del mismo una comisi\u00f3n gestora, que estar\u00e1 formada por los actuales miembros de la comisi\u00f3n permanente, coordinada por su secretaria, Mar\u00eda Jes\u00fas S\u00e1nchez Gormaz, para no dejar un vac\u00edo en la gesti\u00f3n del centro durante el tiempo que la pandemia impida convocar la preceptiva asamblea general. Cuando las condiciones sociosanitarias lo permitan, se convocar\u00e1n nuevas elecciones, siguiendo el proceso electoral establecido en la normativa interna que lo regula.<\/p>\n\n\n\n<figure class=\"wp-block-image\"><img decoding=\"async\" loading=\"lazy\" width=\"911\" height=\"695\" src=\"http:\/\/cebilbilitanos.com\/wp-content\/uploads\/2021\/01\/Screenshot_3-1.jpg\" alt=\"\" class=\"wp-image-2799\" srcset=\"https:\/\/cebilbilitanos.com\/wp-content\/uploads\/2021\/01\/Screenshot_3-1.jpg 911w, https:\/\/cebilbilitanos.com\/wp-content\/uploads\/2021\/01\/Screenshot_3-1-300x229.jpg 300w, https:\/\/cebilbilitanos.com\/wp-content\/uploads\/2021\/01\/Screenshot_3-1-768x586.jpg 768w\" sizes=\"(max-width: 911px) 100vw, 911px\" \/><figcaption>Estatuto del CEB http:\/\/cebilbilitanos.com\/?p=2149<\/figcaption><\/figure>\n\n\n\n<p>&nbsp;&nbsp;&nbsp;&nbsp;&nbsp;&nbsp;&nbsp;&nbsp; El CEB agradece la colaboraci\u00f3n durante\nestos cinco a\u00f1os de consejeros, colaboradores, asociaciones e instituciones que\nse han integrado en el proyecto del CEB, centrado en la investigaci\u00f3n, defensa\ny divulgaci\u00f3n del patrimonio de la comarca de Calatayud.<\/p>\n","protected":false},"excerpt":{"rendered":"<p>\u00a0\u00a0\u00a0\u00a0\u00a0\u00a0\u00a0\u00a0 De acuerdo con lo establecido en el Estatuto del CEB, Jos\u00e9 \u00c1ngel Urzay Barrios ha presentado su cese como presidente, con fecha de 31 de diciembre de 2020, al haber transcurrido cinco a\u00f1os desde su elecci\u00f3n en 2015. \u00a0\u00a0\u00a0\u00a0\u00a0\u00a0\u00a0\u00a0 &hellip; <a href=\"https:\/\/cebilbilitanos.com\/?p=2797\">Sigue leyendo <span class=\"meta-nav\">&rarr;<\/span><\/a><\/p>\n","protected":false},"author":1,"featured_media":0,"comment_status":"closed","ping_status":"open","sticky":false,"template":"","format":"standard","meta":[],"categories":[23],"tags":[],"_links":{"self":[{"href":"https:\/\/cebilbilitanos.com\/index.php?rest_route=\/wp\/v2\/posts\/2797"}],"collection":[{"href":"https:\/\/cebilbilitanos.com\/index.php?rest_route=\/wp\/v2\/posts"}],"about":[{"href":"https:\/\/cebilbilitanos.com\/index.php?rest_route=\/wp\/v2\/types\/post"}],"author":[{"embeddable":true,"href":"https:\/\/cebilbilitanos.com\/index.php?rest_route=\/wp\/v2\/users\/1"}],"replies":[{"embeddable":true,"href":"https:\/\/cebilbilitanos.com\/index.php?rest_route=%2Fwp%2Fv2%2Fcomments&post=2797"}],"version-history":[{"count":1,"href":"https:\/\/cebilbilitanos.com\/index.php?rest_route=\/wp\/v2\/posts\/2797\/revisions"}],"predecessor-version":[{"id":2800,"href":"https:\/\/cebilbilitanos.com\/index.php?rest_route=\/wp\/v2\/posts\/2797\/revisions\/2800"}],"wp:attachment":[{"href":"https:\/\/cebilbilitanos.com\/index.php?rest_route=%2Fwp%2Fv2%2Fmedia&parent=2797"}],"wp:term":[{"taxonomy":"category","embeddable":true,"href":"https:\/\/cebilbilitanos.com\/index.php?rest_route=%2Fwp%2Fv2%2Fcategories&post=2797"},{"taxonomy":"post_tag","embeddable":true,"href":"https:\/\/cebilbilitanos.com\/index.php?rest_route=%2Fwp%2Fv2%2Ftags&post=2797"}],"curies":[{"name":"wp","href":"https:\/\/api.w.org\/{rel}","templated":true}]}}