{"id":2733,"date":"2020-10-07T19:54:47","date_gmt":"2020-10-07T19:54:47","guid":{"rendered":"http:\/\/cebilbilitanos.com\/?p=2733"},"modified":"2020-10-17T06:46:09","modified_gmt":"2020-10-17T06:46:09","slug":"angel-espinosa-herrer-1889-1971-pintor-y-escritor-2","status":"publish","type":"post","link":"https:\/\/cebilbilitanos.com\/?p=2733","title":{"rendered":"Presentaci\u00f3n de \u00ab\u00c1ngel Espinosa Herrer (1889-1971). Pintor y escritor\u00bb"},"content":{"rendered":"\n<p>Presentaci\u00f3n del libro<strong><em> \u00c1ngel Espinosa Herrer (1889-1971)<\/em><\/strong><em>.&nbsp;<strong>Pintor y escritor<\/strong>.&nbsp;<\/em>cuyo autor es Rub\u00e9n P\u00e9rez Moreno.<\/p>\n\n\n\n<p>Inscripci\u00f3n para asistencia presencial: <a href=\"http:\/\/extension.uned.es\/actividad\/23177&amp;codigo=PDLE\">http:\/\/extension.uned.es\/actividad\/23177&amp;codigo=PDLE<\/a> hasta completar aforo.<\/p>\n\n\n\n<p><strong><a href=\"http:\/\/Presentaci\u00f3n del libro &quot;\u00c1ngel Espinosa Herrer (1889-1971) Pintor y escritor&quot; Enlace a la emisi\u00f3n en directo, que se activar\u00e1 a partir de las 18 horas del 20 de octubre. https:\/\/www.intecca.uned.es\/portalavip\/grabacion.php?ID_Grabacion=289237&amp;ID_Sala=287646&amp;hashData=c9f9eea87453bb8192b8851403c78ebb&amp;amp%3BparamsToCheck=SURfR3JhYmFjaW9uLElEX1NhbGEs&amp;Directo=21795241\">El enlace a la emisi\u00f3n en directo que se activar\u00e1 a partir de las 18 horas del 20 de octubre de 2020.<\/a><\/strong><\/p>\n\n\n\n<figure class=\"wp-block-image\"><img decoding=\"async\" loading=\"lazy\" width=\"558\" height=\"793\" src=\"http:\/\/cebilbilitanos.com\/wp-content\/uploads\/2020\/10\/Screenshot_3.jpg\" alt=\"\" class=\"wp-image-2734\" srcset=\"https:\/\/cebilbilitanos.com\/wp-content\/uploads\/2020\/10\/Screenshot_3.jpg 558w, https:\/\/cebilbilitanos.com\/wp-content\/uploads\/2020\/10\/Screenshot_3-211x300.jpg 211w\" sizes=\"(max-width: 558px) 100vw, 558px\" \/><\/figure>\n","protected":false},"excerpt":{"rendered":"<p>Presentaci\u00f3n del libro \u00c1ngel Espinosa Herrer (1889-1971).&nbsp;Pintor y escritor.&nbsp;cuyo autor es Rub\u00e9n P\u00e9rez Moreno. Inscripci\u00f3n para asistencia presencial: http:\/\/extension.uned.es\/actividad\/23177&amp;codigo=PDLE hasta completar aforo. El enlace a la emisi\u00f3n en directo que se activar\u00e1 a partir de las 18 horas del 20 &hellip; <a href=\"https:\/\/cebilbilitanos.com\/?p=2733\">Sigue leyendo <span class=\"meta-nav\">&rarr;<\/span><\/a><\/p>\n","protected":false},"author":1,"featured_media":0,"comment_status":"closed","ping_status":"open","sticky":false,"template":"","format":"standard","meta":[],"categories":[30],"tags":[14,10,11],"_links":{"self":[{"href":"https:\/\/cebilbilitanos.com\/index.php?rest_route=\/wp\/v2\/posts\/2733"}],"collection":[{"href":"https:\/\/cebilbilitanos.com\/index.php?rest_route=\/wp\/v2\/posts"}],"about":[{"href":"https:\/\/cebilbilitanos.com\/index.php?rest_route=\/wp\/v2\/types\/post"}],"author":[{"embeddable":true,"href":"https:\/\/cebilbilitanos.com\/index.php?rest_route=\/wp\/v2\/users\/1"}],"replies":[{"embeddable":true,"href":"https:\/\/cebilbilitanos.com\/index.php?rest_route=%2Fwp%2Fv2%2Fcomments&post=2733"}],"version-history":[{"count":4,"href":"https:\/\/cebilbilitanos.com\/index.php?rest_route=\/wp\/v2\/posts\/2733\/revisions"}],"predecessor-version":[{"id":2740,"href":"https:\/\/cebilbilitanos.com\/index.php?rest_route=\/wp\/v2\/posts\/2733\/revisions\/2740"}],"wp:attachment":[{"href":"https:\/\/cebilbilitanos.com\/index.php?rest_route=%2Fwp%2Fv2%2Fmedia&parent=2733"}],"wp:term":[{"taxonomy":"category","embeddable":true,"href":"https:\/\/cebilbilitanos.com\/index.php?rest_route=%2Fwp%2Fv2%2Fcategories&post=2733"},{"taxonomy":"post_tag","embeddable":true,"href":"https:\/\/cebilbilitanos.com\/index.php?rest_route=%2Fwp%2Fv2%2Ftags&post=2733"}],"curies":[{"name":"wp","href":"https:\/\/api.w.org\/{rel}","templated":true}]}}