{"id":2716,"date":"2020-07-16T08:45:20","date_gmt":"2020-07-16T08:45:20","guid":{"rendered":"http:\/\/cebilbilitanos.com\/?p=2716"},"modified":"2020-07-16T08:45:20","modified_gmt":"2020-07-16T08:45:20","slug":"descalzas-de-calatayud-a-beirut","status":"publish","type":"post","link":"https:\/\/cebilbilitanos.com\/?p=2716","title":{"rendered":"Descalzas de Calatayud a Beirut"},"content":{"rendered":"\n<p>El Centro de Estudios Bilbilitanos ha publicado un nuevo libro que resume la historia del convento de San Alberto de carmelitas descalzas en Calatayud y, sobre todo, narra el proceso de fundaci\u00f3n por parte de estas carmelitas bilbilitanas de un nuevo convento en Harissa, localidad libanesa donde se concentran numerosos edificios de religiones cristianas con todos sus ritos.<\/p>\n\n\n\n<figure class=\"wp-block-image\"><img decoding=\"async\" loading=\"lazy\" width=\"720\" height=\"1024\" src=\"http:\/\/cebilbilitanos.com\/wp-content\/uploads\/2020\/07\/PORTADA-LIBRO-720x1024.jpg\" alt=\"\" class=\"wp-image-2717\" srcset=\"https:\/\/cebilbilitanos.com\/wp-content\/uploads\/2020\/07\/PORTADA-LIBRO-720x1024.jpg 720w, https:\/\/cebilbilitanos.com\/wp-content\/uploads\/2020\/07\/PORTADA-LIBRO-211x300.jpg 211w, https:\/\/cebilbilitanos.com\/wp-content\/uploads\/2020\/07\/PORTADA-LIBRO-768x1092.jpg 768w, https:\/\/cebilbilitanos.com\/wp-content\/uploads\/2020\/07\/PORTADA-LIBRO.jpg 1977w\" sizes=\"(max-width: 720px) 100vw, 720px\" \/><\/figure>\n\n\n\n<p>De las carmelitas descalzas de Calatayud queda su historia, todav\u00eda su recuerdo, el \u00faltimo edificio que habitaron y unos magn\u00edficos ejemplares de cedros del L\u00edbano que hicieron traer de aquellas tierras. Este relato protagonizado por mujeres forma ya parte de la historia de Calatayud y merece ser conocido por todos aquellos interesados en la historia de la ciudad. <\/p>\n\n\n\n<p>Su autor, Fidel Sebasti\u00e1n Mediavilla, nacido en Calatayud, form\u00f3 parte de la primera promoci\u00f3n de Filolog\u00eda Rom\u00e1nica. Se doctor\u00f3 en la Universidad Aut\u00f3noma de Barcelona con una tesis dirigida por Francisco Rico sobre <em>La puntuaci\u00f3n en el Siglo de Oro<\/em>. Especialista en esta materia, ha recopilado y comentado las doctrinas y los sistemas de puntuaci\u00f3n y acentuaci\u00f3n desde la Antig\u00fcedad.<\/p>\n\n\n\n<p>&nbsp;&nbsp;&nbsp;&nbsp;&nbsp;&nbsp;&nbsp;&nbsp;&nbsp;&nbsp;&nbsp; El libro puede adquirirse en los puntos de venta habituales\nen Calatayud al precio de 9 euros o a trav\u00e9s de la p\u00e1gina web de la Instituci\u00f3n\nFernando el Cat\u00f3lico.<\/p>\n","protected":false},"excerpt":{"rendered":"<p>El Centro de Estudios Bilbilitanos ha publicado un nuevo libro que resume la historia del convento de San Alberto de carmelitas descalzas en Calatayud y, sobre todo, narra el proceso de fundaci\u00f3n por parte de estas carmelitas bilbilitanas de un &hellip; <a href=\"https:\/\/cebilbilitanos.com\/?p=2716\">Sigue leyendo <span class=\"meta-nav\">&rarr;<\/span><\/a><\/p>\n","protected":false},"author":1,"featured_media":0,"comment_status":"closed","ping_status":"open","sticky":false,"template":"","format":"standard","meta":[],"categories":[30],"tags":[17,11],"_links":{"self":[{"href":"https:\/\/cebilbilitanos.com\/index.php?rest_route=\/wp\/v2\/posts\/2716"}],"collection":[{"href":"https:\/\/cebilbilitanos.com\/index.php?rest_route=\/wp\/v2\/posts"}],"about":[{"href":"https:\/\/cebilbilitanos.com\/index.php?rest_route=\/wp\/v2\/types\/post"}],"author":[{"embeddable":true,"href":"https:\/\/cebilbilitanos.com\/index.php?rest_route=\/wp\/v2\/users\/1"}],"replies":[{"embeddable":true,"href":"https:\/\/cebilbilitanos.com\/index.php?rest_route=%2Fwp%2Fv2%2Fcomments&post=2716"}],"version-history":[{"count":1,"href":"https:\/\/cebilbilitanos.com\/index.php?rest_route=\/wp\/v2\/posts\/2716\/revisions"}],"predecessor-version":[{"id":2718,"href":"https:\/\/cebilbilitanos.com\/index.php?rest_route=\/wp\/v2\/posts\/2716\/revisions\/2718"}],"wp:attachment":[{"href":"https:\/\/cebilbilitanos.com\/index.php?rest_route=%2Fwp%2Fv2%2Fmedia&parent=2716"}],"wp:term":[{"taxonomy":"category","embeddable":true,"href":"https:\/\/cebilbilitanos.com\/index.php?rest_route=%2Fwp%2Fv2%2Fcategories&post=2716"},{"taxonomy":"post_tag","embeddable":true,"href":"https:\/\/cebilbilitanos.com\/index.php?rest_route=%2Fwp%2Fv2%2Ftags&post=2716"}],"curies":[{"name":"wp","href":"https:\/\/api.w.org\/{rel}","templated":true}]}}