{"id":2708,"date":"2020-07-01T06:09:05","date_gmt":"2020-07-01T06:09:05","guid":{"rendered":"http:\/\/cebilbilitanos.com\/?p=2708"},"modified":"2020-07-01T06:09:48","modified_gmt":"2020-07-01T06:09:48","slug":"actas-del-ix-encuentro-de-estudios-bilbilitanos","status":"publish","type":"post","link":"https:\/\/cebilbilitanos.com\/?p=2708","title":{"rendered":"Actas del IX Encuentro de Estudios Bilbilitanos"},"content":{"rendered":"\n<p>Continuamos incorporando a la p\u00e1gina web m\u00e1s publicaciones del CEB. En esta ocasi\u00f3n facilitamos en formato pdf las <strong><a href=\"http:\/\/cebilbilitanos.com\/?page_id=2669\" target=\"_blank\" rel=\"noreferrer noopener\" aria-label=\"actas del IX Encuentro de Estudios Bilbilitanos (abre en una nueva pesta\u00f1a)\">actas del <\/a><\/strong><em><strong><a href=\"http:\/\/cebilbilitanos.com\/?page_id=2669\" target=\"_blank\" rel=\"noreferrer noopener\" aria-label=\"actas del IX Encuentro de Estudios Bilbilitanos (abre en una nueva pesta\u00f1a)\">IX Encuentro de Estudios Bilbilitanos<\/a><\/strong> <\/em>que se celebr\u00f3 en Calatayud durante los d\u00edas 13, 14 y 15 de noviembre de 2015.<\/p>\n\n\n\n<div class=\"wp-block-image\"><figure class=\"aligncenter\"><img decoding=\"async\" loading=\"lazy\" width=\"512\" height=\"1024\" src=\"http:\/\/cebilbilitanos.com\/wp-content\/uploads\/2020\/07\/CARTELblog-512x1024.jpg\" alt=\"\" class=\"wp-image-2709\" srcset=\"https:\/\/cebilbilitanos.com\/wp-content\/uploads\/2020\/07\/CARTELblog-512x1024.jpg 512w, https:\/\/cebilbilitanos.com\/wp-content\/uploads\/2020\/07\/CARTELblog-150x300.jpg 150w, https:\/\/cebilbilitanos.com\/wp-content\/uploads\/2020\/07\/CARTELblog.jpg 600w\" sizes=\"(max-width: 512px) 100vw, 512px\" \/><\/figure><\/div>\n\n\n\n<p>El Encuentro qued\u00f3 configurado por cinco ponencias (Antig\u00fcedad; Historia; Arte; Ciencias de la Tierra y de la Sociedad; Etnolog\u00eda, Folklore y Literatura) y sesenta y nueve comunicaciones, recogidas en dos vol\u00famenes.<\/p>\n\n\n\n<p>En el a\u00f1o 2019 de celebr\u00f3 el <em>X Encuentro de Estudios Bilbilitanos<\/em> cuyas actas, actualmente en prensa, pronto estar\u00e1n tambi\u00e9n a disposici\u00f3n de todos los interesados en temas comarcales.<\/p>\n","protected":false},"excerpt":{"rendered":"<p>Continuamos incorporando a la p\u00e1gina web m\u00e1s publicaciones del CEB. En esta ocasi\u00f3n facilitamos en formato pdf las actas del IX Encuentro de Estudios Bilbilitanos que se celebr\u00f3 en Calatayud durante los d\u00edas 13, 14 y 15 de noviembre de &hellip; <a href=\"https:\/\/cebilbilitanos.com\/?p=2708\">Sigue leyendo <span class=\"meta-nav\">&rarr;<\/span><\/a><\/p>\n","protected":false},"author":1,"featured_media":0,"comment_status":"closed","ping_status":"open","sticky":false,"template":"","format":"standard","meta":[],"categories":[2,30],"tags":[62,44,57,3,11],"_links":{"self":[{"href":"https:\/\/cebilbilitanos.com\/index.php?rest_route=\/wp\/v2\/posts\/2708"}],"collection":[{"href":"https:\/\/cebilbilitanos.com\/index.php?rest_route=\/wp\/v2\/posts"}],"about":[{"href":"https:\/\/cebilbilitanos.com\/index.php?rest_route=\/wp\/v2\/types\/post"}],"author":[{"embeddable":true,"href":"https:\/\/cebilbilitanos.com\/index.php?rest_route=\/wp\/v2\/users\/1"}],"replies":[{"embeddable":true,"href":"https:\/\/cebilbilitanos.com\/index.php?rest_route=%2Fwp%2Fv2%2Fcomments&post=2708"}],"version-history":[{"count":1,"href":"https:\/\/cebilbilitanos.com\/index.php?rest_route=\/wp\/v2\/posts\/2708\/revisions"}],"predecessor-version":[{"id":2710,"href":"https:\/\/cebilbilitanos.com\/index.php?rest_route=\/wp\/v2\/posts\/2708\/revisions\/2710"}],"wp:attachment":[{"href":"https:\/\/cebilbilitanos.com\/index.php?rest_route=%2Fwp%2Fv2%2Fmedia&parent=2708"}],"wp:term":[{"taxonomy":"category","embeddable":true,"href":"https:\/\/cebilbilitanos.com\/index.php?rest_route=%2Fwp%2Fv2%2Fcategories&post=2708"},{"taxonomy":"post_tag","embeddable":true,"href":"https:\/\/cebilbilitanos.com\/index.php?rest_route=%2Fwp%2Fv2%2Ftags&post=2708"}],"curies":[{"name":"wp","href":"https:\/\/api.w.org\/{rel}","templated":true}]}}