{"id":2693,"date":"2020-06-11T03:39:25","date_gmt":"2020-06-11T03:39:25","guid":{"rendered":"http:\/\/cebilbilitanos.com\/?p=2693"},"modified":"2020-06-11T03:39:25","modified_gmt":"2020-06-11T03:39:25","slug":"luisa-rojo-gayan","status":"publish","type":"post","link":"https:\/\/cebilbilitanos.com\/?p=2693","title":{"rendered":"Luisa Rojo Gay\u00e1n"},"content":{"rendered":"\n<p style=\"text-align:right\"><em>In\nmemoriam<\/em><\/p>\n\n\n\n<p><strong>&nbsp;&nbsp;&nbsp;&nbsp;&nbsp;&nbsp;&nbsp;&nbsp;&nbsp;&nbsp;&nbsp; Pedro J. Mancebo<\/strong><\/p>\n\n\n\n<p>&nbsp;&nbsp;&nbsp;&nbsp;&nbsp;&nbsp;&nbsp;&nbsp;&nbsp;&nbsp;&nbsp; Nacida en Cetina el 15 de febrero de 1946 y fallecida el\n16 de mayo de 2020 en Madrid. Realiz\u00f3 su formaci\u00f3n en enfermer\u00eda en la Facultad\nde Zaragoza 1964-67. Estudi\u00f3\nArtes Decorativas y Dise\u00f1o en Madrid 1969, diplomada en Relaciones p\u00fablicas por\nla C\u00e1mara de Comercio de Madrid 1988; confecci\u00f3n de\nsombreros&nbsp; en la Escuela de Dise\u00f1o\nARTYMODA de Madrid; en la Escuela de Cer\u00e1mica: Taller Tanagra de Madrid en 1970.\nParticip\u00f3 en cursos de cine sobre gui\u00f3n y pr\u00e1ctica de la imagen f\u00edlmica en la\nUniversidad de Verano de Teruel, a\u00f1os 1985 y 86 y de Cultura Isl\u00e1mica en Arag\u00f3n,\ntambi\u00e9n en Teruel en 1988. En 1971 realiz\u00f3 un intercambio cultural en la <em>Foreing\nStudy League <\/em>(Baltimore, USA).<\/p>\n\n\n\n<p>&nbsp;&nbsp;&nbsp;&nbsp;&nbsp;&nbsp;&nbsp;&nbsp;&nbsp;&nbsp;&nbsp; En\n1967 comenz\u00f3 a trabajar en la fotograf\u00eda en blanco y negro con\nretratos de paisajes y personas, al poco tiempo con el color; fot\u00f3grafa reconocida\ncomo pionera del Cibachrome en 1977 y del\nCopy Art &nbsp;o arte de la fotocopia en 1980.\n<\/p>\n\n\n\n<p>&nbsp;&nbsp;&nbsp;&nbsp;&nbsp;&nbsp;&nbsp;&nbsp;&nbsp;&nbsp;&nbsp; Realiz\u00f3\nexposiciones desde el a\u00f1o 1977 en m\u00faltiples ciudades, con Galer\u00eda Spectrum en\nZaragoza, Madrid, Barcelona, en Arco 87, Arco 88, Arco 98 y Arles (Francia).\nOtras en Arag\u00f3n: Sala hermanos Bayeu del Edificio Pignatelli, Sala I de la\nescuela de Arte de Zaragoza, Museo Provincial, La Lonja, Casa de la Mujer,\nAyuntamiento de Gelsa de Ebro, Ayuntamiento de Cetina, Tarazona-Foto, Bolta\u00f1a.\nEn Madrid: Galer\u00edas Redor, Zolix, Moriarty, C\u00edrculo De Bellas Artes, Sala Goya\nCentro cultural de la Villa, Museo Nacional de Arte Reina Sof\u00eda, Fundaci\u00f3n\nTelef\u00f3nica, Casa de la Cultura de las Rozas, Galer\u00eda Pi &amp; Margall,\nCromotek, La Casa Encendida; Centre Cultural de la Caixa de Terrasa ,Molins de\nRei; Mislata, Galer\u00eda Matisse de Valencia, Casa de la Cultura de Burjasot,\nFundaci\u00f3 Caixa Sabadell, Galer\u00eda Magda Belloti en Algeciras, IV y V Bienal de\nla Fotograf\u00eda de C\u00f3rdoba, Alcal\u00e1 de Henares, Bilbao. Museo provincial de Saint\nEtienne Francia. Feria de la Fotograf\u00eda de Par\u00eds, Institutos Cervantes en\nAlemania: de Bremer, Kiel, Hannover, Fecdkich y Munich. En Viena y Salzburgo (Austria).\nAtenas (Grecia).La \u00faltima exposici\u00f3n en la que\nparticip\u00f3 fue en La Lonja de Zaragoza en enero 2019.<\/p>\n\n\n\n<p>&nbsp;&nbsp;&nbsp;&nbsp;&nbsp;&nbsp;&nbsp;&nbsp;&nbsp;&nbsp;&nbsp; A partir de 1989 imparte varios\ntalleres de fotograf\u00eda. Sus trabajos se han publicado en El Pa\u00eds, Diario 16,\nDiario de C\u00f3rdoba, ABC, Arte Fotogr\u00e1fico, Revista FV, Heraldo de Arag\u00f3n, etc.<\/p>\n\n\n\n<p>&nbsp;&nbsp;&nbsp;&nbsp;&nbsp;&nbsp;&nbsp;&nbsp;&nbsp;&nbsp;&nbsp; Cetina se visti\u00f3 de luto en mayo de\neste a\u00f1o 2020 por la ausencia de Luisa y la cancelaci\u00f3n de las fiestas la\nprimera vez en su historia.<\/p>\n\n\n\n<p>Referencias: <a href=\"http:\/\/www.luisa-rojo.com\/fotografia\/index.html\">www.luisa-rojo.com\/fotografia\/index.html<\/a>.\n<a href=\"https:\/\/es.wikipedia.org\/wiki\/Luisa_Rojo\">https:\/\/es.wikipedia.org\/wiki\/Luisa_Rojo<\/a>\n<a href=\"http:\/\/www.cadadiaunfotografo.com\/2016\/03\/luisa-rojo.html\">http:\/\/www.cadadiaunfotografo.com\/2016\/03\/luisa-rojo.html<\/a><\/p>\n\n\n\n<p><a href=\"www.elperiodicodearagon.com\/noticias\/escenarios\/fotografia-pierde-luisa-rojo_1421770.html\">www.elperiodicodearagon.com\/noticias\/escenarios\/fotografia-pierde-luisa-rojo_1421770.html<\/a><\/p>\n\n\n\n<p><a href=\"https:\/\/revistas.ucm.es\/index.php\/ARIS\/article\/view\/39028\">https:\/\/revistas.ucm.es\/index.php\/ARIS\/article\/view\/39028<\/a><\/p>\n","protected":false},"excerpt":{"rendered":"<p>In memoriam &nbsp;&nbsp;&nbsp;&nbsp;&nbsp;&nbsp;&nbsp;&nbsp;&nbsp;&nbsp;&nbsp; Pedro J. Mancebo &nbsp;&nbsp;&nbsp;&nbsp;&nbsp;&nbsp;&nbsp;&nbsp;&nbsp;&nbsp;&nbsp; Nacida en Cetina el 15 de febrero de 1946 y fallecida el 16 de mayo de 2020 en Madrid. Realiz\u00f3 su formaci\u00f3n en enfermer\u00eda en la Facultad de Zaragoza 1964-67. Estudi\u00f3 Artes Decorativas &hellip; <a href=\"https:\/\/cebilbilitanos.com\/?p=2693\">Sigue leyendo <span class=\"meta-nav\">&rarr;<\/span><\/a><\/p>\n","protected":false},"author":1,"featured_media":0,"comment_status":"closed","ping_status":"open","sticky":false,"template":"","format":"standard","meta":[],"categories":[23],"tags":[47],"_links":{"self":[{"href":"https:\/\/cebilbilitanos.com\/index.php?rest_route=\/wp\/v2\/posts\/2693"}],"collection":[{"href":"https:\/\/cebilbilitanos.com\/index.php?rest_route=\/wp\/v2\/posts"}],"about":[{"href":"https:\/\/cebilbilitanos.com\/index.php?rest_route=\/wp\/v2\/types\/post"}],"author":[{"embeddable":true,"href":"https:\/\/cebilbilitanos.com\/index.php?rest_route=\/wp\/v2\/users\/1"}],"replies":[{"embeddable":true,"href":"https:\/\/cebilbilitanos.com\/index.php?rest_route=%2Fwp%2Fv2%2Fcomments&post=2693"}],"version-history":[{"count":1,"href":"https:\/\/cebilbilitanos.com\/index.php?rest_route=\/wp\/v2\/posts\/2693\/revisions"}],"predecessor-version":[{"id":2694,"href":"https:\/\/cebilbilitanos.com\/index.php?rest_route=\/wp\/v2\/posts\/2693\/revisions\/2694"}],"wp:attachment":[{"href":"https:\/\/cebilbilitanos.com\/index.php?rest_route=%2Fwp%2Fv2%2Fmedia&parent=2693"}],"wp:term":[{"taxonomy":"category","embeddable":true,"href":"https:\/\/cebilbilitanos.com\/index.php?rest_route=%2Fwp%2Fv2%2Fcategories&post=2693"},{"taxonomy":"post_tag","embeddable":true,"href":"https:\/\/cebilbilitanos.com\/index.php?rest_route=%2Fwp%2Fv2%2Ftags&post=2693"}],"curies":[{"name":"wp","href":"https:\/\/api.w.org\/{rel}","templated":true}]}}