{"id":2674,"date":"2020-05-21T17:01:17","date_gmt":"2020-05-21T17:01:17","guid":{"rendered":"http:\/\/cebilbilitanos.com\/?p=2674"},"modified":"2020-05-21T17:01:17","modified_gmt":"2020-05-21T17:01:17","slug":"historial-postal-de-calatayud-y-comarca","status":"publish","type":"post","link":"https:\/\/cebilbilitanos.com\/?p=2674","title":{"rendered":"Historial postal de Calatayud y comarca"},"content":{"rendered":"\n<figure class=\"wp-block-image\"><img decoding=\"async\" loading=\"lazy\" width=\"725\" height=\"1024\" src=\"http:\/\/cebilbilitanos.com\/wp-content\/uploads\/2020\/05\/Portada-Histroia-Postal-725x1024.jpg\" alt=\"\" class=\"wp-image-2675\" srcset=\"https:\/\/cebilbilitanos.com\/wp-content\/uploads\/2020\/05\/Portada-Histroia-Postal-725x1024.jpg 725w, https:\/\/cebilbilitanos.com\/wp-content\/uploads\/2020\/05\/Portada-Histroia-Postal-212x300.jpg 212w, https:\/\/cebilbilitanos.com\/wp-content\/uploads\/2020\/05\/Portada-Histroia-Postal-768x1085.jpg 768w\" sizes=\"(max-width: 725px) 100vw, 725px\" \/><figcaption><br><\/figcaption><\/figure>\n\n\n\n<p>El Centro de Estudios\nBilbilitanos acaba de editar el libro <em>Historia\npostal de Calatayud y comarca. Estudio y catalogaci\u00f3n (Siglos XIX-XXI)<\/em>,\ndel que son autores Antonio Utrera F\u00fanez y Luis P\u00e9rez Guti\u00e9rrez. El pr\u00f3logo\nest\u00e1 escrito por el acad\u00e9mico de la Real Academia de Filatelia e Historia\nPostal, Evaristo Alfaro G\u00f3mez, y el dise\u00f1o de la portada es del consejero del\nCEB, Jos\u00e9 Ram\u00f3n Olalla Celma.<\/p>\n\n\n\n<p>Lamentablemente no ha sido posible, por las circunstancias actuales, programar la presentaci\u00f3n de la forma habitual, por lo que damos a conocer esta nueva publicaci\u00f3n, la primera de 2020, a trav\u00e9s de la p\u00e1gina web.<\/p>\n\n\n\n<h2 class=\"wp-block-heading\"><em>La obra<\/em><\/h2>\n\n\n\n<p>Se recogen en la obra todas las marcas, ya estudiadas y catalogadas, utilizadas en Calatayud y las localidades que de ella depend\u00edan postalmente, desde\u00a0\u00a0finales del\u00a0\u00a0siglo XVIII, el\u00a0\u00a0posterior XIX y principios del XX;\u00a0\u00a0a las que se han incorporado varias que hasta ahora eran totalmente desconocidas.\u00a0\u00a0Del pasado siglo se recogen los sellos, matasellos y marcas postales que durante a\u00f1os han venido recopilando los autores, acompa\u00f1ados de peque\u00f1os estudios, textos explicativos y decretos que autorizaban y regulaban su utilizaci\u00f3n. Esta secci\u00f3n se completa con un n\u00famero importante de documentos utilizados por Correos en sus relaciones con remitentes y destinatarios. Por \u00faltimo, junto a la piezas aparecidas y en uso desde el a\u00f1o 2000 hasta la actualidad, se hace una extensa exposici\u00f3n del funcionamiento del correo, desde que un efecto postal se deposita en la oficina correspondiente \u2013sea esta Oficina T\u00e9cnica, Auxiliar o Carter\u00eda- hasta que se entrega al destinatario. Para ella se han utilizado y reproducido, gran cantidad de documentos, tanto los que son entregados a unos u otros en las propias oficinas postales\u00a0\u00a0o depositados en los correspondientes buzones, como de uso interno por Correos. <\/p>\n\n\n\n<h2 class=\"wp-block-heading\"><em>Los autores<\/em><\/h2>\n\n\n\n<p><strong>Antonio Utrera F\u00fanez. <\/strong>Labros, provincia de Guadalajara (1950). Hasta su jubilaci\u00f3n, empleado p\u00fablico de profesi\u00f3n, periodista de oficio y agricultor por afici\u00f3n. Desarroll\u00f3 su labor period\u00edstica en Radio Arag\u00f3n Calatayud \u2013hoy Cadena SER- (1981-1991), como corresponsal, en la ciudad bilbilitana, de Radio Nacional de Espa\u00f1a (1988-1991) y en los semanarios comarcales <em>La Comarca <\/em>y <em>La Verdad<\/em>. Desde 1999 administra el portal de la comarca de Calatayud en internet. Vinculado a la Filatelia desde muy joven, primero como coleccionista, m\u00e1s tarde como comerciante\u00a0\u00a0y en la actualidad, como estudioso y divulgador de la materia\u00a0\u00a0en todo lo que hace referencia a la Comunidad de Calatayud.<\/p>\n\n\n\n<p><strong>Luis P\u00e9rez Guti\u00e9rrez. <\/strong>Melilla (1955). Maestro de profesi\u00f3n y, durante muchos a\u00f1os, implicado en la pol\u00edtica municipal de su localidad, Sant\u00a0Boi\u00a0de Llobregat, en la provincia de Barcelona. Autor de numerosos estudios filat\u00e9licos que publica en su web (sanfilatelio.afinet.org\/index.htm). Es socio fundador de AFINET (Asociaci\u00f3n Filat\u00e9lica por Internet), de la que fue su primer presidente, y miembro activo del \u00c1gora de Filatelia. En la actualidad, ya jubilado, reparte su tiempo entre la filatelia y el senderismo, otra de sus grandes pasiones.<\/p>\n","protected":false},"excerpt":{"rendered":"<p>El Centro de Estudios Bilbilitanos acaba de editar el libro Historia postal de Calatayud y comarca. Estudio y catalogaci\u00f3n (Siglos XIX-XXI), del que son autores Antonio Utrera F\u00fanez y Luis P\u00e9rez Guti\u00e9rrez. El pr\u00f3logo est\u00e1 escrito por el acad\u00e9mico de &hellip; <a href=\"https:\/\/cebilbilitanos.com\/?p=2674\">Sigue leyendo <span class=\"meta-nav\">&rarr;<\/span><\/a><\/p>\n","protected":false},"author":1,"featured_media":0,"comment_status":"closed","ping_status":"open","sticky":false,"template":"","format":"standard","meta":[],"categories":[23,30],"tags":[59,17],"_links":{"self":[{"href":"https:\/\/cebilbilitanos.com\/index.php?rest_route=\/wp\/v2\/posts\/2674"}],"collection":[{"href":"https:\/\/cebilbilitanos.com\/index.php?rest_route=\/wp\/v2\/posts"}],"about":[{"href":"https:\/\/cebilbilitanos.com\/index.php?rest_route=\/wp\/v2\/types\/post"}],"author":[{"embeddable":true,"href":"https:\/\/cebilbilitanos.com\/index.php?rest_route=\/wp\/v2\/users\/1"}],"replies":[{"embeddable":true,"href":"https:\/\/cebilbilitanos.com\/index.php?rest_route=%2Fwp%2Fv2%2Fcomments&post=2674"}],"version-history":[{"count":1,"href":"https:\/\/cebilbilitanos.com\/index.php?rest_route=\/wp\/v2\/posts\/2674\/revisions"}],"predecessor-version":[{"id":2676,"href":"https:\/\/cebilbilitanos.com\/index.php?rest_route=\/wp\/v2\/posts\/2674\/revisions\/2676"}],"wp:attachment":[{"href":"https:\/\/cebilbilitanos.com\/index.php?rest_route=%2Fwp%2Fv2%2Fmedia&parent=2674"}],"wp:term":[{"taxonomy":"category","embeddable":true,"href":"https:\/\/cebilbilitanos.com\/index.php?rest_route=%2Fwp%2Fv2%2Fcategories&post=2674"},{"taxonomy":"post_tag","embeddable":true,"href":"https:\/\/cebilbilitanos.com\/index.php?rest_route=%2Fwp%2Fv2%2Ftags&post=2674"}],"curies":[{"name":"wp","href":"https:\/\/api.w.org\/{rel}","templated":true}]}}