{"id":2601,"date":"2020-04-21T17:47:19","date_gmt":"2020-04-21T17:47:19","guid":{"rendered":"http:\/\/cebilbilitanos.com\/?p=2601"},"modified":"2020-04-21T17:47:19","modified_gmt":"2020-04-21T17:47:19","slug":"lectura-para-el-confinamiento","status":"publish","type":"post","link":"https:\/\/cebilbilitanos.com\/?p=2601","title":{"rendered":"Lectura para el confinamiento"},"content":{"rendered":"\n<p>Jos\u00e9 \u00c1ngel Urzay Barrios<br>Presidente del CEB<\/p>\n\n\n\n<p>&nbsp;&nbsp;&nbsp;&nbsp;&nbsp;&nbsp;&nbsp;&nbsp;&nbsp;&nbsp;&nbsp; Puesto que en estos momentos es\nimpensable, por las circunstancias actuales del confinamiento, establecer un\ncontacto presencial con todos aquellos interesados en las actividades del CEB,\nos mantendremos informados peri\u00f3dicamente a trav\u00e9s de esta p\u00e1gina web.<\/p>\n\n\n\n<p>&nbsp;&nbsp;&nbsp;&nbsp;&nbsp;&nbsp;&nbsp;&nbsp;&nbsp;&nbsp;&nbsp; &nbsp;La secretaria del CEB estar\u00e1 en la sede &nbsp;en su horario habitual, pero sin atender\npresencialmente al p\u00fablico. Todos los asuntos se resuelven en estos momentos exclusivamente\na trav\u00e9s del correo electr\u00f3nico (direccion@cebilbilitanos.com) y del tel\u00e9fono\n(976-88-55-28). Pod\u00e9is poneros en contacto a trav\u00e9s de dichos medios y os\natenderemos lo mejor posible. El CEB no se detiene, ni paraliza su programaci\u00f3n,\nsi bien no queda otra opci\u00f3n que adaptarse a la situaci\u00f3n actual de\ndistanciamiento social. As\u00ed pues, en principio, hasta que las autoridades lo\npermitan, descartamos organizar actividades presenciales, como reuniones,\ncharlas, jornadas, presentaciones de libros, &nbsp;etc., para evitar situaciones de riesgo. <\/p>\n\n\n\n<p>&nbsp;&nbsp;&nbsp;&nbsp;&nbsp;&nbsp;&nbsp;&nbsp;&nbsp;&nbsp;&nbsp; Aparte del apoyo a la investigaci\u00f3n\nque podamos prestar a trav\u00e9s del teletrabajo, vamos a centrarnos en la publicaci\u00f3n\nde los libros previstos para 2020. Tanto las actas del <em>X Encuentro de Estudios Bilbilitanos <\/em>como la revista <em>Cuarta Provincia<\/em>, van a tener prioridad.\n<\/p>\n\n\n\n<p>\u00a0\u00a0\u00a0\u00a0\u00a0\u00a0\u00a0\u00a0\u00a0\u00a0\u00a0 Mientras tanto, iremos subiendo a la p\u00e1gina web en pdf algunas publicaciones ya agotadas, pero que han suscitado un gran inter\u00e9s entre los investigadores e interesados en el patrimonio comarcal. La primera de ellas es <strong><em><a href=\"http:\/\/cebilbilitanos.com\/?page_id=2594\">La N-II y sus precedentes camineros. itinerarios hist\u00f3ricos y v\u00edas de comunicaci\u00f3n entre Madrid-Toledo y Zaragoza. De la Antig\u00fcedad al siglo XX<\/a><\/em><\/strong>, de <strong>Vicente Alejandre Alcalde<\/strong>, una investigaci\u00f3n de 678 p\u00e1ginas sobre esta v\u00eda de comunicaci\u00f3n que atraviesa la comarca. Estamos convencidos de que disfrutar\u00e9is con este excepcional libro sobre un trazado viario de relevancia a nivel nacional, abordado de forma rigurosa y exhaustiva, que sirve como lectura y tambi\u00e9n como gu\u00eda para su consulta. <\/p>\n\n\n\n<figure class=\"wp-block-image\"><img decoding=\"async\" loading=\"lazy\" width=\"582\" height=\"816\" src=\"http:\/\/cebilbilitanos.com\/wp-content\/uploads\/2020\/04\/Screenshot_3-1.jpg\" alt=\"\" class=\"wp-image-2602\" srcset=\"https:\/\/cebilbilitanos.com\/wp-content\/uploads\/2020\/04\/Screenshot_3-1.jpg 582w, https:\/\/cebilbilitanos.com\/wp-content\/uploads\/2020\/04\/Screenshot_3-1-214x300.jpg 214w\" sizes=\"(max-width: 582px) 100vw, 582px\" \/><\/figure>\n","protected":false},"excerpt":{"rendered":"<p>Jos\u00e9 \u00c1ngel Urzay BarriosPresidente del CEB &nbsp;&nbsp;&nbsp;&nbsp;&nbsp;&nbsp;&nbsp;&nbsp;&nbsp;&nbsp;&nbsp; Puesto que en estos momentos es impensable, por las circunstancias actuales del confinamiento, establecer un contacto presencial con todos aquellos interesados en las actividades del CEB, os mantendremos informados peri\u00f3dicamente a trav\u00e9s de &hellip; <a href=\"https:\/\/cebilbilitanos.com\/?p=2601\">Sigue leyendo <span class=\"meta-nav\">&rarr;<\/span><\/a><\/p>\n","protected":false},"author":1,"featured_media":0,"comment_status":"closed","ping_status":"open","sticky":false,"template":"","format":"standard","meta":[],"categories":[30],"tags":[44,11],"_links":{"self":[{"href":"https:\/\/cebilbilitanos.com\/index.php?rest_route=\/wp\/v2\/posts\/2601"}],"collection":[{"href":"https:\/\/cebilbilitanos.com\/index.php?rest_route=\/wp\/v2\/posts"}],"about":[{"href":"https:\/\/cebilbilitanos.com\/index.php?rest_route=\/wp\/v2\/types\/post"}],"author":[{"embeddable":true,"href":"https:\/\/cebilbilitanos.com\/index.php?rest_route=\/wp\/v2\/users\/1"}],"replies":[{"embeddable":true,"href":"https:\/\/cebilbilitanos.com\/index.php?rest_route=%2Fwp%2Fv2%2Fcomments&post=2601"}],"version-history":[{"count":1,"href":"https:\/\/cebilbilitanos.com\/index.php?rest_route=\/wp\/v2\/posts\/2601\/revisions"}],"predecessor-version":[{"id":2603,"href":"https:\/\/cebilbilitanos.com\/index.php?rest_route=\/wp\/v2\/posts\/2601\/revisions\/2603"}],"wp:attachment":[{"href":"https:\/\/cebilbilitanos.com\/index.php?rest_route=%2Fwp%2Fv2%2Fmedia&parent=2601"}],"wp:term":[{"taxonomy":"category","embeddable":true,"href":"https:\/\/cebilbilitanos.com\/index.php?rest_route=%2Fwp%2Fv2%2Fcategories&post=2601"},{"taxonomy":"post_tag","embeddable":true,"href":"https:\/\/cebilbilitanos.com\/index.php?rest_route=%2Fwp%2Fv2%2Ftags&post=2601"}],"curies":[{"name":"wp","href":"https:\/\/api.w.org\/{rel}","templated":true}]}}