{"id":26,"date":"2011-04-05T10:02:19","date_gmt":"2011-04-05T10:02:19","guid":{"rendered":"http:\/\/cebilbilitanos.com\/?p=26"},"modified":"2015-09-10T17:20:44","modified_gmt":"2015-09-10T17:20:44","slug":"pregon-de-semana-santa-2011","status":"publish","type":"post","link":"https:\/\/cebilbilitanos.com\/?p=26","title":{"rendered":"Preg\u00f3n de Semana Santa 2011"},"content":{"rendered":"<div class=\"separator\" style=\"clear: both; text-align: left;\">\nEl pr\u00f3ximo viernes, 15 de abril, a las 20:00 horas y en la Iglesia de San Juan el Real se llevar\u00e1 a cabo el tradicional preg\u00f3n de Semana Santa que el Centro de Estudios Bilbilitanos organiza todos los a\u00f1os.&nbsp;Como es habitual uno de sus consejeros aportar\u00e1 una visi\u00f3n personal y laica sobre estas celebraciones.<\/div>\n<div class=\"separator\" style=\"clear: both; text-align: left;\">\n<\/div>\n<div class=\"separator\" style=\"clear: both; text-align: left;\">\nEste a\u00f1o ser\u00e1 <b>D. Julio Fuentes Losa<\/b>, director del Centro Asociado de la UNED en Calatayud, quien se har\u00e1 cargo del preg\u00f3n.<\/div>\n<div class=\"separator\" style=\"clear: both; text-align: left;\">\n<\/div>\n<div class=\"separator\" style=\"clear: both; text-align: left;\">\nEl acto se completar\u00e1 con un concierto sacro a cargo de la <i><b>Coral Bilbilitana<\/b><\/i> unida a la <i><b>Banda de M\u00fasica Pascual Marquina<\/b><\/i>, ambas dirigidas por D. <b>Jos\u00e9 Antonio Do\u00f1\u00e1gueda.<\/b><\/div>\n<div class=\"separator\" style=\"clear: both; text-align: left;\">\n<\/div>\n<div class=\"separator\" style=\"clear: both; text-align: center;\">\n<a href=\"http:\/\/4.bp.blogspot.com\/-1f7xOF7QrZk\/TZsgoxkxzhI\/AAAAAAAAAII\/hK9qK4U6VxE\/s1600\/PREGON_2011.jpg\" imageanchor=\"1\" style=\"margin-left: 1em; margin-right: 1em;\"><img decoding=\"async\" border=\"0\" src=\"http:\/\/4.bp.blogspot.com\/-1f7xOF7QrZk\/TZsgoxkxzhI\/AAAAAAAAAII\/hK9qK4U6VxE\/s1600\/PREGON_2011.jpg\" \/><\/a><\/div>\n","protected":false},"excerpt":{"rendered":"<p>El pr\u00f3ximo viernes, 15 de abril, a las 20:00 horas y en la Iglesia de San Juan el Real se llevar\u00e1 a cabo el tradicional preg\u00f3n de Semana Santa que el Centro de Estudios Bilbilitanos organiza todos los a\u00f1os.&nbsp;Como es &hellip; <a href=\"https:\/\/cebilbilitanos.com\/?p=26\">Sigue leyendo <span class=\"meta-nav\">&rarr;<\/span><\/a><\/p>\n","protected":false},"author":1,"featured_media":0,"comment_status":"open","ping_status":"open","sticky":false,"template":"","format":"standard","meta":[],"categories":[23],"tags":[6],"_links":{"self":[{"href":"https:\/\/cebilbilitanos.com\/index.php?rest_route=\/wp\/v2\/posts\/26"}],"collection":[{"href":"https:\/\/cebilbilitanos.com\/index.php?rest_route=\/wp\/v2\/posts"}],"about":[{"href":"https:\/\/cebilbilitanos.com\/index.php?rest_route=\/wp\/v2\/types\/post"}],"author":[{"embeddable":true,"href":"https:\/\/cebilbilitanos.com\/index.php?rest_route=\/wp\/v2\/users\/1"}],"replies":[{"embeddable":true,"href":"https:\/\/cebilbilitanos.com\/index.php?rest_route=%2Fwp%2Fv2%2Fcomments&post=26"}],"version-history":[{"count":1,"href":"https:\/\/cebilbilitanos.com\/index.php?rest_route=\/wp\/v2\/posts\/26\/revisions"}],"predecessor-version":[{"id":27,"href":"https:\/\/cebilbilitanos.com\/index.php?rest_route=\/wp\/v2\/posts\/26\/revisions\/27"}],"wp:attachment":[{"href":"https:\/\/cebilbilitanos.com\/index.php?rest_route=%2Fwp%2Fv2%2Fmedia&parent=26"}],"wp:term":[{"taxonomy":"category","embeddable":true,"href":"https:\/\/cebilbilitanos.com\/index.php?rest_route=%2Fwp%2Fv2%2Fcategories&post=26"},{"taxonomy":"post_tag","embeddable":true,"href":"https:\/\/cebilbilitanos.com\/index.php?rest_route=%2Fwp%2Fv2%2Ftags&post=26"}],"curies":[{"name":"wp","href":"https:\/\/api.w.org\/{rel}","templated":true}]}}