{"id":2584,"date":"2020-03-20T20:39:49","date_gmt":"2020-03-20T20:39:49","guid":{"rendered":"http:\/\/cebilbilitanos.com\/?p=2584"},"modified":"2020-03-21T07:36:57","modified_gmt":"2020-03-21T07:36:57","slug":"carlos-moncin-duce-in-memoriam","status":"publish","type":"post","link":"https:\/\/cebilbilitanos.com\/?p=2584","title":{"rendered":"Carlos Monc\u00edn Duce, in memoriam"},"content":{"rendered":"\n<figure class=\"wp-block-image\"><img decoding=\"async\" loading=\"lazy\" width=\"672\" height=\"1024\" src=\"http:\/\/cebilbilitanos.com\/wp-content\/uploads\/2020\/03\/PORTADA-672x1024.jpg\" alt=\"\" class=\"wp-image-2585\" srcset=\"https:\/\/cebilbilitanos.com\/wp-content\/uploads\/2020\/03\/PORTADA-672x1024.jpg 672w, https:\/\/cebilbilitanos.com\/wp-content\/uploads\/2020\/03\/PORTADA-197x300.jpg 197w, https:\/\/cebilbilitanos.com\/wp-content\/uploads\/2020\/03\/PORTADA-768x1170.jpg 768w, https:\/\/cebilbilitanos.com\/wp-content\/uploads\/2020\/03\/PORTADA.jpg 1772w\" sizes=\"(max-width: 672px) 100vw, 672px\" \/><figcaption>La plaza del mercado de Calatayud espera la llegada del Rey Juan Carlos I. Foto Carlos Monc\u00edn<\/figcaption><\/figure>\n\n\n\n<p>Carlos Monc\u00edn Duce (Calatayud, 1955) comenz\u00f3 su andadura profesional con 14 a\u00f1os en Estudio Ib\u00e9rica y, m\u00e1s tarde, en su propio estudio fotogr\u00e1fico de Juan Gualberto Berm\u00fadez, donde compaginaba la fotograf\u00eda profesional con la creativa, ejerciendo tambi\u00e9n el periodismo gr\u00e1fico, sobre todo \u00a0los reportajes taurinos y locales; aunque public\u00f3 en los peri\u00f3dicos Pueblo, Arag\u00f3n Expr\u00e9s o Amanecer y en las agencias Cifra y EFE, salt\u00f3 desde la corresponsal\u00eda gr\u00e1fica en Calatayud de Heraldo de Arag\u00f3n, con la que ya colaboraba a inicios de los a\u00f1os 70 a su redacci\u00f3n zaragozana en 1989 como como reportero gr\u00e1fico y jefe de la secci\u00f3n fotogr\u00e1fica durante dos d\u00e9cadas, hasta que pas\u00f3 a formar parte del gabinete de comunicaci\u00f3n del Gobierno de Arag\u00f3n.<\/p>\n\n\n\n<p>Su trabajo fotoperiod\u00edstico no le impidi\u00f3 desarrollar otras facetas del arte fotogr\u00e1fico plasmadas en numerosos premios y exposiciones.<\/p>\n\n\n\n<div class=\"wp-block-image\"><figure class=\"aligncenter\"><img decoding=\"async\" loading=\"lazy\" width=\"510\" height=\"349\" src=\"http:\/\/cebilbilitanos.com\/wp-content\/uploads\/2020\/03\/aragon_moncin2-kkz-510x349@abc.jpg\" alt=\"\" class=\"wp-image-2591\" srcset=\"https:\/\/cebilbilitanos.com\/wp-content\/uploads\/2020\/03\/aragon_moncin2-kkz-510x349@abc.jpg 510w, https:\/\/cebilbilitanos.com\/wp-content\/uploads\/2020\/03\/aragon_moncin2-kkz-510x349@abc-300x205.jpg 300w\" sizes=\"(max-width: 510px) 100vw, 510px\" \/><figcaption>Foto ABC<\/figcaption><\/figure><\/div>\n\n\n\n<p>Como consejero del Centro de Estudios Bilbilitanos, adem\u00e1s de su participaci\u00f3n en otras obras colectivas, ha publicado los libros <em><strong><a href=\"http:\/\/cebilbilitanos.com\/?page_id=477\">Sue\u00f1os<\/a><\/strong><\/em><strong> <\/strong>y <em><strong><a href=\"http:\/\/cebilbilitanos.com\/?page_id=1747\">La transici\u00f3n democr\u00e1tica en Calatayud, cambios y esperanzas<\/a><\/strong><\/em>, un excelente reportaje gr\u00e1fico sobre el Calatayud contempor\u00e1neo, publicado en 2017 y cuyo preludio fue el programa de fiestas de 2009, en honor a la Virgen de la Pe\u00f1a, que recorr\u00eda en fotograf\u00edas los, entonces, <em><strong><a href=\"http:\/\/cebilbilitanos.com\/?p=2364\">30 a\u00f1os de ayuntamientos democr\u00e1ticos<\/a><\/strong> <\/em>que le daban t\u00edtulo.<\/p>\n\n\n\n<p>Desde su jubilaci\u00f3n, colabor\u00f3 en el archivo fotogr\u00e1fico del\nCentro de Estudios Bilbilitanos, a cuya creaci\u00f3n dedic\u00f3 trabajo y fondos\npropios.<\/p>\n\n\n\n<p>Vaya para Carlos Monc\u00edn nuestro recuerdo y reconocimiento y para su familia nuestro emocionado p\u00e9same. <\/p>\n\n\n\n<figure class=\"wp-block-image\"><img decoding=\"async\" loading=\"lazy\" width=\"1024\" height=\"658\" src=\"http:\/\/cebilbilitanos.com\/wp-content\/uploads\/2020\/03\/VOTOS-1024x658.jpg\" alt=\"\" class=\"wp-image-2587\" srcset=\"https:\/\/cebilbilitanos.com\/wp-content\/uploads\/2020\/03\/VOTOS-1024x658.jpg 1024w, https:\/\/cebilbilitanos.com\/wp-content\/uploads\/2020\/03\/VOTOS-300x193.jpg 300w, https:\/\/cebilbilitanos.com\/wp-content\/uploads\/2020\/03\/VOTOS-768x493.jpg 768w, https:\/\/cebilbilitanos.com\/wp-content\/uploads\/2020\/03\/VOTOS.jpg 1535w\" sizes=\"(max-width: 1024px) 100vw, 1024px\" \/><figcaption>Primeras elecciones municipales democr\u00e1ticas en Calatayud. Carlos Monc\u00edn.<\/figcaption><\/figure>\n\n\n\n<ul><li>Heraldo de Arag\u00f3n:  <strong><a href=\"https:\/\/www.heraldo.es\/noticias\/ocio-y-cultura\/2020\/03\/20\/carlos-moncin-fotografia-heraldo-1365046.html?utm_source=whatsapp.com&amp;utm_medium=socialshare&amp;utm_campaign=mobile_web\">Muere el fotoperiodista bilbilitano Carlos Monc\u00edn<\/a><\/strong><a href=\"https:\/\/www.heraldo.es\/noticias\/ocio-y-cultura\/2020\/03\/20\/carlos-moncin-fotografia-heraldo-1365046.html?utm_source=whatsapp.com&amp;utm_medium=socialshare&amp;utm_campaign=mobile_web\"> .<\/a><\/li><li>El Peri\u00f3dico de Arag\u00f3n: <strong><a href=\"https:\/\/www.elperiodicodearagon.com\/noticias\/aragon\/fallece-fotografo-aragones-carlos-moncin_1414762.html\">Fallece el fot\u00f3grafo aragon\u00e9s Carlos Monc\u00edn<\/a><\/strong><\/li><li>Extra digital: <strong><a href=\"http:\/\/www.extradigital.es\/el-fotoperiodismo-aragones-dice-adios-a-carlos-moncin\/\">El fotoperiodismo aragon\u00e9s dice adi\u00f3s a Carlos Monc\u00edn<\/a><\/strong><\/li><\/ul>\n\n\n\n<figure class=\"wp-block-image\"><img decoding=\"async\" loading=\"lazy\" width=\"724\" height=\"1024\" src=\"http:\/\/cebilbilitanos.com\/wp-content\/uploads\/2020\/03\/cartel_expo_moncin_horario_3-724x1024.jpg\" alt=\"\" class=\"wp-image-2590\" srcset=\"https:\/\/cebilbilitanos.com\/wp-content\/uploads\/2020\/03\/cartel_expo_moncin_horario_3-724x1024.jpg 724w, https:\/\/cebilbilitanos.com\/wp-content\/uploads\/2020\/03\/cartel_expo_moncin_horario_3-212x300.jpg 212w, https:\/\/cebilbilitanos.com\/wp-content\/uploads\/2020\/03\/cartel_expo_moncin_horario_3-768x1087.jpg 768w, https:\/\/cebilbilitanos.com\/wp-content\/uploads\/2020\/03\/cartel_expo_moncin_horario_3.jpg 1080w\" sizes=\"(max-width: 724px) 100vw, 724px\" \/><figcaption>Presentaci\u00f3n del libro \u00abLa transici\u00f3n democr\u00e1tica en Calatayud, cambios y esperanzas\u00bb y la \u00faltima exposici\u00f3n de Carlos Monc\u00edn<\/figcaption><\/figure>\n","protected":false},"excerpt":{"rendered":"<p>Carlos Monc\u00edn Duce (Calatayud, 1955) comenz\u00f3 su andadura profesional con 14 a\u00f1os en Estudio Ib\u00e9rica y, m\u00e1s tarde, en su propio estudio fotogr\u00e1fico de Juan Gualberto Berm\u00fadez, donde compaginaba la fotograf\u00eda profesional con la creativa, ejerciendo tambi\u00e9n el periodismo gr\u00e1fico, &hellip; <a href=\"https:\/\/cebilbilitanos.com\/?p=2584\">Sigue leyendo <span class=\"meta-nav\">&rarr;<\/span><\/a><\/p>\n","protected":false},"author":1,"featured_media":0,"comment_status":"closed","ping_status":"open","sticky":false,"template":"","format":"standard","meta":[],"categories":[23],"tags":[47],"_links":{"self":[{"href":"https:\/\/cebilbilitanos.com\/index.php?rest_route=\/wp\/v2\/posts\/2584"}],"collection":[{"href":"https:\/\/cebilbilitanos.com\/index.php?rest_route=\/wp\/v2\/posts"}],"about":[{"href":"https:\/\/cebilbilitanos.com\/index.php?rest_route=\/wp\/v2\/types\/post"}],"author":[{"embeddable":true,"href":"https:\/\/cebilbilitanos.com\/index.php?rest_route=\/wp\/v2\/users\/1"}],"replies":[{"embeddable":true,"href":"https:\/\/cebilbilitanos.com\/index.php?rest_route=%2Fwp%2Fv2%2Fcomments&post=2584"}],"version-history":[{"count":3,"href":"https:\/\/cebilbilitanos.com\/index.php?rest_route=\/wp\/v2\/posts\/2584\/revisions"}],"predecessor-version":[{"id":2592,"href":"https:\/\/cebilbilitanos.com\/index.php?rest_route=\/wp\/v2\/posts\/2584\/revisions\/2592"}],"wp:attachment":[{"href":"https:\/\/cebilbilitanos.com\/index.php?rest_route=%2Fwp%2Fv2%2Fmedia&parent=2584"}],"wp:term":[{"taxonomy":"category","embeddable":true,"href":"https:\/\/cebilbilitanos.com\/index.php?rest_route=%2Fwp%2Fv2%2Fcategories&post=2584"},{"taxonomy":"post_tag","embeddable":true,"href":"https:\/\/cebilbilitanos.com\/index.php?rest_route=%2Fwp%2Fv2%2Ftags&post=2584"}],"curies":[{"name":"wp","href":"https:\/\/api.w.org\/{rel}","templated":true}]}}