{"id":2464,"date":"2019-10-21T14:46:49","date_gmt":"2019-10-21T14:46:49","guid":{"rendered":"http:\/\/cebilbilitanos.com\/?p=2464"},"modified":"2019-10-21T14:46:49","modified_gmt":"2019-10-21T14:46:49","slug":"presentacion-de-la-guia-de-arboles-y-arboledas-singulares-de-la-comunidad-de-calatayud-2","status":"publish","type":"post","link":"https:\/\/cebilbilitanos.com\/?p=2464","title":{"rendered":"Presentaci\u00f3n de la gu\u00eda de \u00e1rboles y arboledas singulares de la Comunidad de Calatayud"},"content":{"rendered":"\n<figure class=\"wp-block-image\"><img decoding=\"async\" loading=\"lazy\" width=\"1024\" height=\"768\" src=\"http:\/\/cebilbilitanos.com\/wp-content\/uploads\/2019\/10\/Gu\u00eda-\u00e1rboles-1024x768.jpg\" alt=\"\" class=\"wp-image-2465\" srcset=\"https:\/\/cebilbilitanos.com\/wp-content\/uploads\/2019\/10\/Gu\u00eda-\u00e1rboles-1024x768.jpg 1024w, https:\/\/cebilbilitanos.com\/wp-content\/uploads\/2019\/10\/Gu\u00eda-\u00e1rboles-300x225.jpg 300w, https:\/\/cebilbilitanos.com\/wp-content\/uploads\/2019\/10\/Gu\u00eda-\u00e1rboles-768x576.jpg 768w, https:\/\/cebilbilitanos.com\/wp-content\/uploads\/2019\/10\/Gu\u00eda-\u00e1rboles.jpg 1200w\" sizes=\"(max-width: 1024px) 100vw, 1024px\" \/><\/figure>\n\n\n\n<p>Francisco Tobajas\nGallego<\/p>\n\n\n\n<p>&nbsp;&nbsp;&nbsp;&nbsp;&nbsp;&nbsp;&nbsp;&nbsp;&nbsp;&nbsp;&nbsp; Como\nsu nombre indica, la <em>Gu\u00eda de \u00e1rboles y\narboledas singulares de la Comunidad de Calatayud<\/em> es una gu\u00eda de campo, que\ninvita a recorrer las tierras de esta extensa comarca. La gu\u00eda, incluida en la\nColecci\u00f3n Naturaleza del CEB, est\u00e1 dividida en dos partes. En la primera de\nellas se incluyen fichas completas de treinta y tres \u00e1rboles singulares, siendo\nlos m\u00e1s abundantes las encinas, los robles, los enebros, los pinos y las sabinas.\nSe han elegido estos \u00e1rboles por su tama\u00f1o, rareza y longevidad. Algunos de\nellos est\u00e1n asociados a tradiciones, costumbres, romer\u00edas o a la historia de\ncada lugar. En la segunda parte de la gu\u00eda se dan noticia de once destacadas\narboledas de la comarca y del arbolado de la ciudad de Calatayud.<\/p>\n\n\n\n<p>&nbsp;&nbsp;&nbsp;&nbsp;&nbsp;&nbsp;&nbsp;&nbsp;&nbsp;&nbsp;&nbsp; La\nprotecci\u00f3n de \u00e1rboles singulares se iniciar\u00eda en la d\u00e9cada de los a\u00f1os setenta\ndel pasado siglo, cuando el ICONA public\u00f3 un inventario de los \u00e1rboles\nmonumentales de Espa\u00f1a. El Gobierno de Arag\u00f3n, por el Decreto del 24 de febrero\nde 2015, regul\u00f3 lacatalogaci\u00f3n de \u00e1rboles y arboledas singulares de la\ncomunidad, en una nueva \u00e9poca de sensibilidad conservacionista.En verdad que los\n\u00e1rboles y arboledas enriquecen el patrimonio de cada lugar, por su reconocido\nvalor medioambiental, hist\u00f3rico, etnogr\u00e1fico y cultural.<\/p>\n\n\n\n<p>&nbsp;&nbsp;&nbsp;&nbsp;&nbsp;&nbsp;&nbsp;&nbsp;&nbsp;&nbsp;&nbsp; Queda\npara otra ocasi\u00f3n otra gu\u00eda de los \u00e1rboles cultivados m\u00e1s singulares de la\ncomarca de Calatayud.<\/p>\n\n\n\n<p><strong><em>Gu\u00eda de \u00e1rboles y arboledas singulares\nde la Comunidad de Calatayud<\/em><\/strong><\/p>\n\n\n\n<p><strong>Autor:<\/strong> Alberto Portero Garc\u00e9s<\/p>\n\n\n\n<p><strong>Edita:<\/strong> Centro de Estudios Bilbilitanos, en colaboraci\u00f3n con la\nComarca Comunidad de Calatayud<\/p>\n\n\n\n<p><strong>Presentaci\u00f3n:<\/strong> 17 de octubre de 2019 en el Sal\u00f3n Multiusos del\nAyuntamiento de Calatayud.<\/p>\n","protected":false},"excerpt":{"rendered":"<p>Francisco Tobajas Gallego &nbsp;&nbsp;&nbsp;&nbsp;&nbsp;&nbsp;&nbsp;&nbsp;&nbsp;&nbsp;&nbsp; Como su nombre indica, la Gu\u00eda de \u00e1rboles y arboledas singulares de la Comunidad de Calatayud es una gu\u00eda de campo, que invita a recorrer las tierras de esta extensa comarca. La gu\u00eda, incluida en la &hellip; <a href=\"https:\/\/cebilbilitanos.com\/?p=2464\">Sigue leyendo <span class=\"meta-nav\">&rarr;<\/span><\/a><\/p>\n","protected":false},"author":1,"featured_media":0,"comment_status":"closed","ping_status":"open","sticky":false,"template":"","format":"standard","meta":[],"categories":[23,30],"tags":[6,7,10,11],"_links":{"self":[{"href":"https:\/\/cebilbilitanos.com\/index.php?rest_route=\/wp\/v2\/posts\/2464"}],"collection":[{"href":"https:\/\/cebilbilitanos.com\/index.php?rest_route=\/wp\/v2\/posts"}],"about":[{"href":"https:\/\/cebilbilitanos.com\/index.php?rest_route=\/wp\/v2\/types\/post"}],"author":[{"embeddable":true,"href":"https:\/\/cebilbilitanos.com\/index.php?rest_route=\/wp\/v2\/users\/1"}],"replies":[{"embeddable":true,"href":"https:\/\/cebilbilitanos.com\/index.php?rest_route=%2Fwp%2Fv2%2Fcomments&post=2464"}],"version-history":[{"count":1,"href":"https:\/\/cebilbilitanos.com\/index.php?rest_route=\/wp\/v2\/posts\/2464\/revisions"}],"predecessor-version":[{"id":2466,"href":"https:\/\/cebilbilitanos.com\/index.php?rest_route=\/wp\/v2\/posts\/2464\/revisions\/2466"}],"wp:attachment":[{"href":"https:\/\/cebilbilitanos.com\/index.php?rest_route=%2Fwp%2Fv2%2Fmedia&parent=2464"}],"wp:term":[{"taxonomy":"category","embeddable":true,"href":"https:\/\/cebilbilitanos.com\/index.php?rest_route=%2Fwp%2Fv2%2Fcategories&post=2464"},{"taxonomy":"post_tag","embeddable":true,"href":"https:\/\/cebilbilitanos.com\/index.php?rest_route=%2Fwp%2Fv2%2Ftags&post=2464"}],"curies":[{"name":"wp","href":"https:\/\/api.w.org\/{rel}","templated":true}]}}