{"id":2460,"date":"2019-10-10T08:41:55","date_gmt":"2019-10-10T08:41:55","guid":{"rendered":"http:\/\/cebilbilitanos.com\/?p=2460"},"modified":"2019-10-10T08:41:55","modified_gmt":"2019-10-10T08:41:55","slug":"presentacion-de-la-guia-de-arboles-y-arboledas-singulares-de-la-comunidad-de-calatayud","status":"publish","type":"post","link":"https:\/\/cebilbilitanos.com\/?p=2460","title":{"rendered":"Presentaci\u00f3n de la gu\u00eda de \u00e1rboles y arboledas singulares de la Comunidad de Calatayud"},"content":{"rendered":"\n<figure class=\"wp-block-image\"><img decoding=\"async\" loading=\"lazy\" width=\"722\" height=\"1024\" src=\"http:\/\/cebilbilitanos.com\/wp-content\/uploads\/2019\/10\/Portada-\u00e1rboles-722x1024.jpg\" alt=\"\" class=\"wp-image-2461\" srcset=\"https:\/\/cebilbilitanos.com\/wp-content\/uploads\/2019\/10\/Portada-\u00e1rboles-722x1024.jpg 722w, https:\/\/cebilbilitanos.com\/wp-content\/uploads\/2019\/10\/Portada-\u00e1rboles-212x300.jpg 212w, https:\/\/cebilbilitanos.com\/wp-content\/uploads\/2019\/10\/Portada-\u00e1rboles-768x1089.jpg 768w, https:\/\/cebilbilitanos.com\/wp-content\/uploads\/2019\/10\/Portada-\u00e1rboles.jpg 1200w\" sizes=\"(max-width: 722px) 100vw, 722px\" \/><\/figure>\n\n\n\n<p>\u00a0\u00a0\u00a0\u00a0\u00a0\u00a0\u00a0\u00a0\u00a0\u00a0\u00a0 El jueves, 17 de octubre, a las 20 horas, se presentar\u00e1 en la sala multiusos del Ayuntamiento de Calatayud (Plaza de Costa) la <em>Gu\u00eda de \u00e1rboles y arboledas singulares de la Comunidad de Calatayud<\/em>, de \u00a0<strong>Alberto Portero Garc\u00e9s<\/strong><\/p>\n\n\n\n<p>&nbsp;&nbsp;&nbsp;&nbsp;&nbsp;&nbsp;&nbsp;&nbsp;&nbsp;&nbsp;&nbsp; La comarca\nde Calatayud, situada en la zona de transici\u00f3n entre la Meseta y el Valle del\nEbro, es muy extensa y acoge una rica flora, que incluye \u00e1rboles y arboledas de\ngran inter\u00e9s, que adquieren una significaci\u00f3n especial, pues son testigos no\nsolamente del esplendor que la Naturaleza puede alcanzar sino tambi\u00e9n de usos\nsociales y tradiciones de los que han sido protagonistas.<\/p>\n\n\n\n<p>&nbsp;&nbsp;&nbsp;&nbsp;&nbsp;&nbsp;&nbsp;&nbsp;&nbsp;&nbsp;&nbsp; Esta gu\u00eda es\nuna invitaci\u00f3n a recorrer la comarca, a descubrir rincones espl\u00e9ndidos y\napartados de las rutas tur\u00edsticas, a sentirse explorador en el agreste terreno\nde la vieja Celtiberia.<\/p>\n\n\n\n<p>&nbsp;&nbsp;&nbsp;&nbsp;&nbsp;&nbsp;&nbsp;&nbsp;&nbsp;&nbsp;&nbsp; El libro ha\nsido editado por el CEB en colaboraci\u00f3n con la comarca Comunidad de Calatayud;\nel Ayuntamiento de Calatayud presta la sala multiusos para su presentaci\u00f3n.<\/p>\n","protected":false},"excerpt":{"rendered":"<p>\u00a0\u00a0\u00a0\u00a0\u00a0\u00a0\u00a0\u00a0\u00a0\u00a0\u00a0 El jueves, 17 de octubre, a las 20 horas, se presentar\u00e1 en la sala multiusos del Ayuntamiento de Calatayud (Plaza de Costa) la Gu\u00eda de \u00e1rboles y arboledas singulares de la Comunidad de Calatayud, de \u00a0Alberto Portero Garc\u00e9s &nbsp;&nbsp;&nbsp;&nbsp;&nbsp;&nbsp;&nbsp;&nbsp;&nbsp;&nbsp;&nbsp; &hellip; <a href=\"https:\/\/cebilbilitanos.com\/?p=2460\">Sigue leyendo <span class=\"meta-nav\">&rarr;<\/span><\/a><\/p>\n","protected":false},"author":1,"featured_media":0,"comment_status":"closed","ping_status":"open","sticky":false,"template":"","format":"standard","meta":[],"categories":[23],"tags":[45,10,11],"_links":{"self":[{"href":"https:\/\/cebilbilitanos.com\/index.php?rest_route=\/wp\/v2\/posts\/2460"}],"collection":[{"href":"https:\/\/cebilbilitanos.com\/index.php?rest_route=\/wp\/v2\/posts"}],"about":[{"href":"https:\/\/cebilbilitanos.com\/index.php?rest_route=\/wp\/v2\/types\/post"}],"author":[{"embeddable":true,"href":"https:\/\/cebilbilitanos.com\/index.php?rest_route=\/wp\/v2\/users\/1"}],"replies":[{"embeddable":true,"href":"https:\/\/cebilbilitanos.com\/index.php?rest_route=%2Fwp%2Fv2%2Fcomments&post=2460"}],"version-history":[{"count":1,"href":"https:\/\/cebilbilitanos.com\/index.php?rest_route=\/wp\/v2\/posts\/2460\/revisions"}],"predecessor-version":[{"id":2462,"href":"https:\/\/cebilbilitanos.com\/index.php?rest_route=\/wp\/v2\/posts\/2460\/revisions\/2462"}],"wp:attachment":[{"href":"https:\/\/cebilbilitanos.com\/index.php?rest_route=%2Fwp%2Fv2%2Fmedia&parent=2460"}],"wp:term":[{"taxonomy":"category","embeddable":true,"href":"https:\/\/cebilbilitanos.com\/index.php?rest_route=%2Fwp%2Fv2%2Fcategories&post=2460"},{"taxonomy":"post_tag","embeddable":true,"href":"https:\/\/cebilbilitanos.com\/index.php?rest_route=%2Fwp%2Fv2%2Ftags&post=2460"}],"curies":[{"name":"wp","href":"https:\/\/api.w.org\/{rel}","templated":true}]}}