{"id":2455,"date":"2019-09-20T07:53:17","date_gmt":"2019-09-20T07:53:17","guid":{"rendered":"http:\/\/cebilbilitanos.com\/?p=2455"},"modified":"2019-09-20T07:53:17","modified_gmt":"2019-09-20T07:53:17","slug":"x-encuentro-de-estudios-bilbilitanos-2","status":"publish","type":"post","link":"https:\/\/cebilbilitanos.com\/?p=2455","title":{"rendered":"X Encuentro de estudios bilbilitanos"},"content":{"rendered":"\n<div class=\"wp-block-image\"><figure class=\"aligncenter\"><img decoding=\"async\" loading=\"lazy\" width=\"512\" height=\"1024\" src=\"http:\/\/cebilbilitanos.com\/wp-content\/uploads\/2019\/09\/CARTEL1web-512x1024-512x1024.jpg\" alt=\"\" class=\"wp-image-2456\" srcset=\"https:\/\/cebilbilitanos.com\/wp-content\/uploads\/2019\/09\/CARTEL1web-512x1024.jpg 512w, https:\/\/cebilbilitanos.com\/wp-content\/uploads\/2019\/09\/CARTEL1web-512x1024-150x300.jpg 150w\" sizes=\"(max-width: 512px) 100vw, 512px\" \/><\/figure><\/div>\n\n\n\n<p>Aunque todav\u00eda restan\ndos meses para el <em>X Encuentro de Estudios\nBilbilitanos<\/em>, os recordamos a todos los interesados la fecha de\ninscripci\u00f3n, en el caso de que todav\u00eda no la hay\u00e1isformalizado, y, adem\u00e1s, os\nmantenemos informados de c\u00f3mo se van a desarrollar las tres jornadas del 15, 16\ny 17 de noviembre.<\/p>\n\n\n\n<p>&nbsp;&nbsp;&nbsp;&nbsp;&nbsp;&nbsp;&nbsp;&nbsp;&nbsp;&nbsp;&nbsp; La inscripci\u00f3n debe realizarse antes del 15 de octubre,\ntanto aquellos que present\u00e9is comunicaciones como quienes s\u00f3lo particip\u00e9is como\nasistentes. Pod\u00e9is rellenar la ficha de inscripci\u00f3n en esta p\u00e1gina web y enviar\nel justificante de ingreso por email.<\/p>\n\n\n\n<p>&nbsp;&nbsp;&nbsp;&nbsp;&nbsp;&nbsp;&nbsp;&nbsp;&nbsp;&nbsp;&nbsp; Quienes present\u00e9is comunicaciones, deb\u00e9is enviar a lo\nlargo de este mes de septiembre un resumen; por otra parte, os recordamos que\nel texto completo de la comunicaci\u00f3n lo entregar\u00e9is despu\u00e9s del Encuentro.<\/p>\n\n\n\n<p>&nbsp;&nbsp;&nbsp;&nbsp;&nbsp;&nbsp;&nbsp;&nbsp;&nbsp;&nbsp;&nbsp; Os anticipamos que las sesiones de trabajo se\ndesarrollar\u00e1n en el sal\u00f3n de actos de Claretianos, junto al recinto de la Feria\nde Muestras, donde podr\u00e9is aparcar el coche.<\/p>\n\n\n\n<p>&nbsp;&nbsp;&nbsp;&nbsp;&nbsp;&nbsp;&nbsp;&nbsp;&nbsp;&nbsp;&nbsp; El desarrollo previsto de las ponencias ser\u00e1 el\nsiguiente:<\/p>\n\n\n\n<p>&nbsp;&nbsp;&nbsp;&nbsp;&nbsp;&nbsp;&nbsp;&nbsp;&nbsp;&nbsp;&nbsp; &#8211; Viernes por la tarde: <em>Arqueolog\u00eda y Antig\u00fcedad.<\/em><\/p>\n\n\n\n<p>&nbsp;&nbsp;&nbsp;&nbsp;&nbsp;&nbsp;&nbsp;&nbsp;&nbsp;&nbsp;&nbsp; &#8211; S\u00e1bado por la ma\u00f1ana: <em>Arte.<\/em><\/p>\n\n\n\n<p>&nbsp;&nbsp;&nbsp;&nbsp;&nbsp;&nbsp;&nbsp;&nbsp;&nbsp;&nbsp;&nbsp; &#8211; S\u00e1bado por la tarde: <em>Ciencias de la Tierra y de la Sociedad \/ Etnolog\u00eda, Folclore y\nLiteratura. <\/em><\/p>\n\n\n\n<p>&nbsp;&nbsp;&nbsp;&nbsp;&nbsp;&nbsp;&nbsp;&nbsp;&nbsp;&nbsp;&nbsp; &#8211; Domingo por la ma\u00f1ana: <em>Historia.<\/em><\/p>\n\n\n\n<p>&nbsp;&nbsp;&nbsp;&nbsp;&nbsp;&nbsp;&nbsp;&nbsp;&nbsp;&nbsp;&nbsp; Os animamos a que os inscrib\u00e1is en este<em> Encuentro de Estudios Bilbilitanos<\/em>, cuya\nd\u00e9cima edici\u00f3n es un hito para la historia del CEB. Os recordamos que s\u00f3lo la\ninscripci\u00f3n posibilita la recepci\u00f3n gratuita de las actas, que ser\u00e1n publicadas\npor el CEB en 2020. <\/p>\n","protected":false},"excerpt":{"rendered":"<p>Aunque todav\u00eda restan dos meses para el X Encuentro de Estudios Bilbilitanos, os recordamos a todos los interesados la fecha de inscripci\u00f3n, en el caso de que todav\u00eda no la hay\u00e1isformalizado, y, adem\u00e1s, os mantenemos informados de c\u00f3mo se van &hellip; <a href=\"https:\/\/cebilbilitanos.com\/?p=2455\">Sigue leyendo <span class=\"meta-nav\">&rarr;<\/span><\/a><\/p>\n","protected":false},"author":1,"featured_media":0,"comment_status":"closed","ping_status":"open","sticky":false,"template":"","format":"standard","meta":[],"categories":[23],"tags":[],"_links":{"self":[{"href":"https:\/\/cebilbilitanos.com\/index.php?rest_route=\/wp\/v2\/posts\/2455"}],"collection":[{"href":"https:\/\/cebilbilitanos.com\/index.php?rest_route=\/wp\/v2\/posts"}],"about":[{"href":"https:\/\/cebilbilitanos.com\/index.php?rest_route=\/wp\/v2\/types\/post"}],"author":[{"embeddable":true,"href":"https:\/\/cebilbilitanos.com\/index.php?rest_route=\/wp\/v2\/users\/1"}],"replies":[{"embeddable":true,"href":"https:\/\/cebilbilitanos.com\/index.php?rest_route=%2Fwp%2Fv2%2Fcomments&post=2455"}],"version-history":[{"count":1,"href":"https:\/\/cebilbilitanos.com\/index.php?rest_route=\/wp\/v2\/posts\/2455\/revisions"}],"predecessor-version":[{"id":2457,"href":"https:\/\/cebilbilitanos.com\/index.php?rest_route=\/wp\/v2\/posts\/2455\/revisions\/2457"}],"wp:attachment":[{"href":"https:\/\/cebilbilitanos.com\/index.php?rest_route=%2Fwp%2Fv2%2Fmedia&parent=2455"}],"wp:term":[{"taxonomy":"category","embeddable":true,"href":"https:\/\/cebilbilitanos.com\/index.php?rest_route=%2Fwp%2Fv2%2Fcategories&post=2455"},{"taxonomy":"post_tag","embeddable":true,"href":"https:\/\/cebilbilitanos.com\/index.php?rest_route=%2Fwp%2Fv2%2Ftags&post=2455"}],"curies":[{"name":"wp","href":"https:\/\/api.w.org\/{rel}","templated":true}]}}