{"id":2452,"date":"2019-09-17T16:31:09","date_gmt":"2019-09-17T16:31:09","guid":{"rendered":"http:\/\/cebilbilitanos.com\/?p=2452"},"modified":"2019-09-17T16:31:09","modified_gmt":"2019-09-17T16:31:09","slug":"presentacion-del-libro-el-retablo-mayor-de-san-pedro-de-los-francos-de-calatayud","status":"publish","type":"post","link":"https:\/\/cebilbilitanos.com\/?p=2452","title":{"rendered":"Presentaci\u00f3n del libro  El retablo mayor de San Pedro de los Francos de Calatayud"},"content":{"rendered":"\n<p>Francisco Tobajas Gallego<\/p>\n\n\n\n<p>\u00a0\u00a0\u00a0\u00a0\u00a0\u00a0\u00a0\u00a0\u00a0\u00a0\u00a0 El pasado 10 de septiembre de 2019 se present\u00f3 en la iglesia de San Pedro de los Francos de Calatayud un libro dedicado a su retablo mayor, que ha editado el Centro de Estudios Bilbilitanos.<\/p>\n\n\n\n<figure class=\"wp-block-image\"><img decoding=\"async\" loading=\"lazy\" width=\"768\" height=\"1024\" src=\"http:\/\/cebilbilitanos.com\/wp-content\/uploads\/2019\/09\/DSC03549-768x1024.jpg\" alt=\"\" class=\"wp-image-2453\" srcset=\"https:\/\/cebilbilitanos.com\/wp-content\/uploads\/2019\/09\/DSC03549-768x1024.jpg 768w, https:\/\/cebilbilitanos.com\/wp-content\/uploads\/2019\/09\/DSC03549-225x300.jpg 225w, https:\/\/cebilbilitanos.com\/wp-content\/uploads\/2019\/09\/DSC03549.jpg 1200w\" sizes=\"(max-width: 768px) 100vw, 768px\" \/><\/figure>\n\n\n\n<p>&nbsp;&nbsp;&nbsp;&nbsp;&nbsp;&nbsp;&nbsp;&nbsp;&nbsp;&nbsp;&nbsp; En\nla introducci\u00f3n, el profesor Criado Mainar enumeraba los talleres y artistas\nque llevaron a cabo varios retablos policromados a lo largo de los siglos XVI y\nXVII en la Comunidad de Calatayud.<\/p>\n\n\n\n<p>&nbsp;&nbsp;&nbsp;&nbsp;&nbsp;&nbsp;&nbsp;&nbsp;&nbsp;&nbsp;&nbsp; Rebeca\nCarretero dej\u00f3 constancia de la importancia de este templo bilbilitano, pues en\n\u00e9l se hab\u00edan celebrado las Cortes de 1461, donde se hab\u00eda proclamado heredero\ndel reino al pr\u00edncipe Fernando, m\u00e1s tarde Fernando el Cat\u00f3lico. En este mismo\nescenario se constituy\u00f3 el primer Gobierno de la Comunidad Aut\u00f3noma de Arag\u00f3n\nen 1978, aunque un a\u00f1o m\u00e1s tarde comenzar\u00eda su restauraci\u00f3n, debido a su mal\nestado. En el a\u00f1o 2002 se puso en marcha otra nueva fase de restauraci\u00f3n, que comprender\u00eda\nde 2006 a 2012.<\/p>\n\n\n\n<p>&nbsp;&nbsp;&nbsp;&nbsp;&nbsp;&nbsp;&nbsp;&nbsp;&nbsp;&nbsp;&nbsp; El\nedificio, que es monumento de inter\u00e9s hist\u00f3rico art\u00edstico desde 1931, se\nconstruir\u00eda a mediados del siglo XIV. El cuerpo de campanas de la torre fue\ndemolido en 1840, con motivo de una visita de la reina Isabel II, que pernoct\u00f3\nen el vecino palacio de Warsage con su madre, la regente Mar\u00eda Cristina.<\/p>\n\n\n\n<p>&nbsp;&nbsp;&nbsp;&nbsp;&nbsp;&nbsp;&nbsp;&nbsp;&nbsp;&nbsp;&nbsp; En\nuna visita pastoral que tuvo lugar en 1567 se enumeraban los diferentes retablos\ny capillas de San Pedro de los Francos, que dej\u00f3 de ser parroquia en 1874. En\n1905 se hicieron cargo del templo los misioneros de la Congregaci\u00f3n del\nInmaculado Coraz\u00f3n de Mar\u00eda.<\/p>\n\n\n\n<p>&nbsp;&nbsp;&nbsp;&nbsp;&nbsp;&nbsp;&nbsp;&nbsp;&nbsp;&nbsp;&nbsp; El\nretablo mayor de San Pedro se llev\u00f3 a cabo en la d\u00e9cada de 1650, por el\nensamblador Pedro Virto y el escultor Bernardo Ib\u00e1\u00f1ez. No se ha encontrado el\ncontrato, pero su estructura es id\u00e9ntica a los retablos mayores de Alhama de\nArag\u00f3n, debido a Pedro Virto, y al de Villarroya de la Sierra, obra de Ib\u00e1\u00f1ez,\nambos posteriores al retablo de San Pedro de los Francos.<\/p>\n\n\n\n<p>&nbsp;&nbsp;&nbsp;&nbsp;&nbsp;&nbsp;&nbsp;&nbsp;&nbsp;&nbsp;&nbsp; El\ndorado y la policrom\u00eda del retablo, llevados a cabo entre 1654 y 1658, se deben\na Juan de Lobera y a sus hijos Jos\u00e9 y Francisco.<\/p>\n\n\n\n<p>&nbsp;&nbsp;&nbsp;&nbsp;&nbsp;&nbsp;&nbsp;&nbsp;&nbsp;&nbsp;&nbsp; Los\ntrabajos de restauraci\u00f3n de este retablo han corrido a cargo de Ana S\u00e1nchez\nIb\u00e1\u00f1ez.<\/p>\n","protected":false},"excerpt":{"rendered":"<p>Francisco Tobajas Gallego \u00a0\u00a0\u00a0\u00a0\u00a0\u00a0\u00a0\u00a0\u00a0\u00a0\u00a0 El pasado 10 de septiembre de 2019 se present\u00f3 en la iglesia de San Pedro de los Francos de Calatayud un libro dedicado a su retablo mayor, que ha editado el Centro de Estudios Bilbilitanos. &nbsp;&nbsp;&nbsp;&nbsp;&nbsp;&nbsp;&nbsp;&nbsp;&nbsp;&nbsp;&nbsp; &hellip; <a href=\"https:\/\/cebilbilitanos.com\/?p=2452\">Sigue leyendo <span class=\"meta-nav\">&rarr;<\/span><\/a><\/p>\n","protected":false},"author":1,"featured_media":0,"comment_status":"closed","ping_status":"open","sticky":false,"template":"","format":"standard","meta":[],"categories":[28,23,30],"tags":[14,12,11],"_links":{"self":[{"href":"https:\/\/cebilbilitanos.com\/index.php?rest_route=\/wp\/v2\/posts\/2452"}],"collection":[{"href":"https:\/\/cebilbilitanos.com\/index.php?rest_route=\/wp\/v2\/posts"}],"about":[{"href":"https:\/\/cebilbilitanos.com\/index.php?rest_route=\/wp\/v2\/types\/post"}],"author":[{"embeddable":true,"href":"https:\/\/cebilbilitanos.com\/index.php?rest_route=\/wp\/v2\/users\/1"}],"replies":[{"embeddable":true,"href":"https:\/\/cebilbilitanos.com\/index.php?rest_route=%2Fwp%2Fv2%2Fcomments&post=2452"}],"version-history":[{"count":1,"href":"https:\/\/cebilbilitanos.com\/index.php?rest_route=\/wp\/v2\/posts\/2452\/revisions"}],"predecessor-version":[{"id":2454,"href":"https:\/\/cebilbilitanos.com\/index.php?rest_route=\/wp\/v2\/posts\/2452\/revisions\/2454"}],"wp:attachment":[{"href":"https:\/\/cebilbilitanos.com\/index.php?rest_route=%2Fwp%2Fv2%2Fmedia&parent=2452"}],"wp:term":[{"taxonomy":"category","embeddable":true,"href":"https:\/\/cebilbilitanos.com\/index.php?rest_route=%2Fwp%2Fv2%2Fcategories&post=2452"},{"taxonomy":"post_tag","embeddable":true,"href":"https:\/\/cebilbilitanos.com\/index.php?rest_route=%2Fwp%2Fv2%2Ftags&post=2452"}],"curies":[{"name":"wp","href":"https:\/\/api.w.org\/{rel}","templated":true}]}}