{"id":2448,"date":"2019-08-26T17:57:49","date_gmt":"2019-08-26T17:57:49","guid":{"rendered":"http:\/\/cebilbilitanos.com\/?p=2448"},"modified":"2019-08-26T17:57:49","modified_gmt":"2019-08-26T17:57:49","slug":"presentacion-de-la-publicacion-el-retablo-mayor-de-san-pedro-de-los-francos-de-calatayud","status":"publish","type":"post","link":"https:\/\/cebilbilitanos.com\/?p=2448","title":{"rendered":"Presentaci\u00f3n de la publicaci\u00f3n: El retablo mayor de San Pedro de los Francos de Calatayud"},"content":{"rendered":"\n<p>\u00a0\u00a0\u00a0\u00a0\u00a0\u00a0\u00a0\u00a0\u00a0\u00a0\u00a0 El martes, 10 de septiembre, se presentar\u00e1 en la iglesia de San Pedro de los Francos el libro titulado: <strong><em>El retablo mayor de San Pedro de los Francos de Calatayud<\/em><\/strong><em>,<\/em>de Rebeca Carretero Calvo y Ana S\u00e1nchez Ib\u00e1\u00f1ez, con una introducci\u00f3n de Jes\u00fas Criado Mainar, editado por el Centro de Estudios Bilbilitanos con la colaboraci\u00f3n del Ayuntamiento de Calatayud. <\/p>\n\n\n\n<figure class=\"wp-block-image\"><img decoding=\"async\" loading=\"lazy\" width=\"592\" height=\"838\" src=\"http:\/\/cebilbilitanos.com\/wp-content\/uploads\/2019\/08\/retablo-de-san-pedro.png\" alt=\"\" class=\"wp-image-2449\" srcset=\"https:\/\/cebilbilitanos.com\/wp-content\/uploads\/2019\/08\/retablo-de-san-pedro.png 592w, https:\/\/cebilbilitanos.com\/wp-content\/uploads\/2019\/08\/retablo-de-san-pedro-212x300.png 212w\" sizes=\"(max-width: 592px) 100vw, 592px\" \/><\/figure>\n\n\n\n<p>&nbsp;&nbsp;&nbsp;&nbsp;&nbsp;&nbsp;&nbsp;&nbsp;&nbsp;&nbsp;&nbsp; Este libro,\nque es hijo del proceso de restauraci\u00f3n del retablo, pretende reflejar su\nhistoriay su restauraci\u00f3n, conjugando el estudio art\u00edstico y t\u00e9cnico de su\nmazoner\u00eda y revestimiento pol\u00edcromo. Adem\u00e1s, incluye una descripci\u00f3n de la\niglesia y de todo su mobiliario.<\/p>\n\n\n\n<p>&nbsp;&nbsp;&nbsp;&nbsp;&nbsp;&nbsp;&nbsp;&nbsp;&nbsp;&nbsp;&nbsp; La\npresentaci\u00f3n del libro es una ocasi\u00f3n excepcional para conocer, de la mano de\nsus autores, las caracter\u00edsticas de este emblem\u00e1tico templo de la ciudad, de\nlas obras de arte que contiene y, sobre todo, de su espl\u00e9ndido retablo mayor.<\/p>\n\n\n\n<p>&nbsp;&nbsp;&nbsp;&nbsp;&nbsp;&nbsp;&nbsp;&nbsp;&nbsp;&nbsp;&nbsp; Centro de Estudios Bilbilitanos<\/p>\n","protected":false},"excerpt":{"rendered":"<p>\u00a0\u00a0\u00a0\u00a0\u00a0\u00a0\u00a0\u00a0\u00a0\u00a0\u00a0 El martes, 10 de septiembre, se presentar\u00e1 en la iglesia de San Pedro de los Francos el libro titulado: El retablo mayor de San Pedro de los Francos de Calatayud,de Rebeca Carretero Calvo y Ana S\u00e1nchez Ib\u00e1\u00f1ez, con una &hellip; <a href=\"https:\/\/cebilbilitanos.com\/?p=2448\">Sigue leyendo <span class=\"meta-nav\">&rarr;<\/span><\/a><\/p>\n","protected":false},"author":1,"featured_media":0,"comment_status":"closed","ping_status":"open","sticky":false,"template":"","format":"standard","meta":[],"categories":[23],"tags":[14,10,11],"_links":{"self":[{"href":"https:\/\/cebilbilitanos.com\/index.php?rest_route=\/wp\/v2\/posts\/2448"}],"collection":[{"href":"https:\/\/cebilbilitanos.com\/index.php?rest_route=\/wp\/v2\/posts"}],"about":[{"href":"https:\/\/cebilbilitanos.com\/index.php?rest_route=\/wp\/v2\/types\/post"}],"author":[{"embeddable":true,"href":"https:\/\/cebilbilitanos.com\/index.php?rest_route=\/wp\/v2\/users\/1"}],"replies":[{"embeddable":true,"href":"https:\/\/cebilbilitanos.com\/index.php?rest_route=%2Fwp%2Fv2%2Fcomments&post=2448"}],"version-history":[{"count":1,"href":"https:\/\/cebilbilitanos.com\/index.php?rest_route=\/wp\/v2\/posts\/2448\/revisions"}],"predecessor-version":[{"id":2450,"href":"https:\/\/cebilbilitanos.com\/index.php?rest_route=\/wp\/v2\/posts\/2448\/revisions\/2450"}],"wp:attachment":[{"href":"https:\/\/cebilbilitanos.com\/index.php?rest_route=%2Fwp%2Fv2%2Fmedia&parent=2448"}],"wp:term":[{"taxonomy":"category","embeddable":true,"href":"https:\/\/cebilbilitanos.com\/index.php?rest_route=%2Fwp%2Fv2%2Fcategories&post=2448"},{"taxonomy":"post_tag","embeddable":true,"href":"https:\/\/cebilbilitanos.com\/index.php?rest_route=%2Fwp%2Fv2%2Ftags&post=2448"}],"curies":[{"name":"wp","href":"https:\/\/api.w.org\/{rel}","templated":true}]}}