{"id":2444,"date":"2019-07-26T09:17:54","date_gmt":"2019-07-26T09:17:54","guid":{"rendered":"http:\/\/cebilbilitanos.com\/?p=2444"},"modified":"2019-07-26T09:17:54","modified_gmt":"2019-07-26T09:17:54","slug":"exposicion-libelulas-y-odonatos-de-la-comarca-de-calatayud","status":"publish","type":"post","link":"https:\/\/cebilbilitanos.com\/?p=2444","title":{"rendered":"Exposici\u00f3n lib\u00e9lulas y odonatos de la comarca de Calatayud"},"content":{"rendered":"\n<figure class=\"wp-block-image\"><img decoding=\"async\" loading=\"lazy\" width=\"731\" height=\"1024\" src=\"http:\/\/cebilbilitanos.com\/wp-content\/uploads\/2019\/07\/CARTEL-EXPOSICI\u00d3N-DE-ODONATOS-731x1024.jpg\" alt=\"\" class=\"wp-image-2445\" srcset=\"https:\/\/cebilbilitanos.com\/wp-content\/uploads\/2019\/07\/CARTEL-EXPOSICI\u00d3N-DE-ODONATOS-731x1024.jpg 731w, https:\/\/cebilbilitanos.com\/wp-content\/uploads\/2019\/07\/CARTEL-EXPOSICI\u00d3N-DE-ODONATOS-214x300.jpg 214w, https:\/\/cebilbilitanos.com\/wp-content\/uploads\/2019\/07\/CARTEL-EXPOSICI\u00d3N-DE-ODONATOS-768x1075.jpg 768w, https:\/\/cebilbilitanos.com\/wp-content\/uploads\/2019\/07\/CARTEL-EXPOSICI\u00d3N-DE-ODONATOS.jpg 1417w\" sizes=\"(max-width: 731px) 100vw, 731px\" \/><\/figure>\n\n\n\n<p>El consejero del CEB,\nMiguel \u00c1ngel G\u00f3mez Moreno, presentar\u00e1 una exposici\u00f3n de\nfotograf\u00edas sobre lib\u00e9lulas y odonatos de la comarca de Calatayud en la sala de\nexposiciones del ayuntamiento de Villarroya de la Sierra del 9 al 23 de agosto\nde 2019. <\/p>\n\n\n\n<p>&nbsp;&nbsp;&nbsp;&nbsp;&nbsp;&nbsp;&nbsp;&nbsp;&nbsp;&nbsp;&nbsp; Esta exposici\u00f3n queda enmarcada en la investigaci\u00f3n que\neste fot\u00f3grafo est\u00e1 realizando con Alfonso Corrale\u00f1o I\u00f1arra sobre lib\u00e9lulas y\ncaballitos del diablo en la comarca de Calatayud.<\/p>\n\n\n\n<p><\/p>\n","protected":false},"excerpt":{"rendered":"<p>El consejero del CEB, Miguel \u00c1ngel G\u00f3mez Moreno, presentar\u00e1 una exposici\u00f3n de fotograf\u00edas sobre lib\u00e9lulas y odonatos de la comarca de Calatayud en la sala de exposiciones del ayuntamiento de Villarroya de la Sierra del 9 al 23 de agosto &hellip; <a href=\"https:\/\/cebilbilitanos.com\/?p=2444\">Sigue leyendo <span class=\"meta-nav\">&rarr;<\/span><\/a><\/p>\n","protected":false},"author":2,"featured_media":0,"comment_status":"closed","ping_status":"open","sticky":false,"template":"","format":"standard","meta":[],"categories":[23],"tags":[36],"_links":{"self":[{"href":"https:\/\/cebilbilitanos.com\/index.php?rest_route=\/wp\/v2\/posts\/2444"}],"collection":[{"href":"https:\/\/cebilbilitanos.com\/index.php?rest_route=\/wp\/v2\/posts"}],"about":[{"href":"https:\/\/cebilbilitanos.com\/index.php?rest_route=\/wp\/v2\/types\/post"}],"author":[{"embeddable":true,"href":"https:\/\/cebilbilitanos.com\/index.php?rest_route=\/wp\/v2\/users\/2"}],"replies":[{"embeddable":true,"href":"https:\/\/cebilbilitanos.com\/index.php?rest_route=%2Fwp%2Fv2%2Fcomments&post=2444"}],"version-history":[{"count":1,"href":"https:\/\/cebilbilitanos.com\/index.php?rest_route=\/wp\/v2\/posts\/2444\/revisions"}],"predecessor-version":[{"id":2446,"href":"https:\/\/cebilbilitanos.com\/index.php?rest_route=\/wp\/v2\/posts\/2444\/revisions\/2446"}],"wp:attachment":[{"href":"https:\/\/cebilbilitanos.com\/index.php?rest_route=%2Fwp%2Fv2%2Fmedia&parent=2444"}],"wp:term":[{"taxonomy":"category","embeddable":true,"href":"https:\/\/cebilbilitanos.com\/index.php?rest_route=%2Fwp%2Fv2%2Fcategories&post=2444"},{"taxonomy":"post_tag","embeddable":true,"href":"https:\/\/cebilbilitanos.com\/index.php?rest_route=%2Fwp%2Fv2%2Ftags&post=2444"}],"curies":[{"name":"wp","href":"https:\/\/api.w.org\/{rel}","templated":true}]}}