{"id":2427,"date":"2019-07-08T19:29:56","date_gmt":"2019-07-08T19:29:56","guid":{"rendered":"http:\/\/cebilbilitanos.com\/?p=2427"},"modified":"2019-07-08T19:29:56","modified_gmt":"2019-07-08T19:29:56","slug":"presentacion-del-libro-adios-a-los-pastores","status":"publish","type":"post","link":"https:\/\/cebilbilitanos.com\/?p=2427","title":{"rendered":"Presentaci\u00f3n del libro adi\u00f3s a los pastores"},"content":{"rendered":"\n<figure class=\"wp-block-image\"><img decoding=\"async\" loading=\"lazy\" width=\"747\" height=\"748\" src=\"http:\/\/cebilbilitanos.com\/wp-content\/uploads\/2019\/07\/Screenshot_4.png\" alt=\"\" class=\"wp-image-2428\" srcset=\"https:\/\/cebilbilitanos.com\/wp-content\/uploads\/2019\/07\/Screenshot_4.png 747w, https:\/\/cebilbilitanos.com\/wp-content\/uploads\/2019\/07\/Screenshot_4-150x150.png 150w, https:\/\/cebilbilitanos.com\/wp-content\/uploads\/2019\/07\/Screenshot_4-300x300.png 300w\" sizes=\"(max-width: 747px) 100vw, 747px\" \/><figcaption><br><\/figcaption><\/figure>\n\n\n\n<p>Francisco Tobajas\nGallego<\/p>\n\n\n\n<p>&nbsp;&nbsp;&nbsp;&nbsp;&nbsp;&nbsp;&nbsp;&nbsp;&nbsp;&nbsp;&nbsp; El\npasado 4 de julio de 2019 se present\u00f3 en el sal\u00f3n de actos de Bantierra de\nCalatayud el libro <em>Adi\u00f3s a los pastores.\nEp\u00edlogo del pastoreo tradicional en la Ib\u00e9rica zaragozana. Pastores de\nMun\u00e9brega<\/em>, con texto de Jos\u00e9 \u00c1ngel Urzay y fotograf\u00edas de Antonio\nLajusticia. El acto estuvo organizado por el Centro de Estudios Bilbilitanos y\nel Ayuntamiento de Mun\u00e9brega, con la colaboraci\u00f3n de Bantierra, que facilit\u00f3 el\nsal\u00f3n de actos.<\/p>\n\n\n\n<p>&nbsp;&nbsp;&nbsp;&nbsp;&nbsp;&nbsp;&nbsp;&nbsp;&nbsp;&nbsp;&nbsp; Este\nlibro cierra el ciclo de tres publicaciones, dedicadas a la vendimia, a la\nsiega y a la ganader\u00eda, que reflejan los trabajos de varias generaciones de\nhombres y mujeres de Mun\u00e9brega, pues vino, trigo y corderos han constituido\ndesde tiempos inmemoriales las bases de la econom\u00eda de esta localidad. Este\nlibro, que ha nacido con el impulso de Jos\u00e9 F\u00e9lix Lajusticia, es la primera\npublicaci\u00f3n sobre el pastoreo tradicional, que est\u00e1 desapareciendo de nuestro medio\nrural. Se trata de un libro documental y etnogr\u00e1fico, que est\u00e1 dedicado a todos\nlos pastores. Jos\u00e9 \u00c1ngel Urzay ha acompa\u00f1ado al pastor Jos\u00e9 P\u00e9rez en largas\ncaminatas a lo largo del a\u00f1o, llevando a cabo numerosas entrevistas, en las que\nle ha mostrado su profesionalidad y su sabidur\u00eda, con expresiones antiguas y\nreveladoras, que se incluyenen un glosario final.<\/p>\n\n\n\n<p>El libro\ntambi\u00e9n recoge unas reflexiones sobre la metamorfosis del paisaje de esta\ntierra, donde se han llevado a cabo las faenas cotidianas de las pasadas\ngeneraciones. El paisaje humanizado se est\u00e1 transformando, poco a poco, pero\nirreversiblemente, con el abandono de tierras, con la aparici\u00f3n de nuevos\ncultivos y&nbsp; con la p\u00e9rdida progresiva de\nlas viejas construcciones agr\u00edcolas y ganaderas.<\/p>\n\n\n\n<p>&nbsp;&nbsp;&nbsp;&nbsp;&nbsp;&nbsp;&nbsp;&nbsp;&nbsp;&nbsp;&nbsp; El\ntexto de este libro se complementa con las fotograf\u00edas de Antonio Lajusticia,\nque descubren la belleza de estos paisajes, observando los campos y los cielos\na la vera delos caminos y jugando con el paso lento de las estaciones y del\ntiempo. El dise\u00f1o de Nino Cabero potencia el texto y las fotograf\u00edas.<\/p>\n","protected":false},"excerpt":{"rendered":"<p>Francisco Tobajas Gallego &nbsp;&nbsp;&nbsp;&nbsp;&nbsp;&nbsp;&nbsp;&nbsp;&nbsp;&nbsp;&nbsp; El pasado 4 de julio de 2019 se present\u00f3 en el sal\u00f3n de actos de Bantierra de Calatayud el libro Adi\u00f3s a los pastores. Ep\u00edlogo del pastoreo tradicional en la Ib\u00e9rica zaragozana. Pastores de Mun\u00e9brega, con &hellip; <a href=\"https:\/\/cebilbilitanos.com\/?p=2427\">Sigue leyendo <span class=\"meta-nav\">&rarr;<\/span><\/a><\/p>\n","protected":false},"author":1,"featured_media":0,"comment_status":"closed","ping_status":"open","sticky":false,"template":"","format":"standard","meta":[],"categories":[23],"tags":[10],"_links":{"self":[{"href":"https:\/\/cebilbilitanos.com\/index.php?rest_route=\/wp\/v2\/posts\/2427"}],"collection":[{"href":"https:\/\/cebilbilitanos.com\/index.php?rest_route=\/wp\/v2\/posts"}],"about":[{"href":"https:\/\/cebilbilitanos.com\/index.php?rest_route=\/wp\/v2\/types\/post"}],"author":[{"embeddable":true,"href":"https:\/\/cebilbilitanos.com\/index.php?rest_route=\/wp\/v2\/users\/1"}],"replies":[{"embeddable":true,"href":"https:\/\/cebilbilitanos.com\/index.php?rest_route=%2Fwp%2Fv2%2Fcomments&post=2427"}],"version-history":[{"count":1,"href":"https:\/\/cebilbilitanos.com\/index.php?rest_route=\/wp\/v2\/posts\/2427\/revisions"}],"predecessor-version":[{"id":2429,"href":"https:\/\/cebilbilitanos.com\/index.php?rest_route=\/wp\/v2\/posts\/2427\/revisions\/2429"}],"wp:attachment":[{"href":"https:\/\/cebilbilitanos.com\/index.php?rest_route=%2Fwp%2Fv2%2Fmedia&parent=2427"}],"wp:term":[{"taxonomy":"category","embeddable":true,"href":"https:\/\/cebilbilitanos.com\/index.php?rest_route=%2Fwp%2Fv2%2Fcategories&post=2427"},{"taxonomy":"post_tag","embeddable":true,"href":"https:\/\/cebilbilitanos.com\/index.php?rest_route=%2Fwp%2Fv2%2Ftags&post=2427"}],"curies":[{"name":"wp","href":"https:\/\/api.w.org\/{rel}","templated":true}]}}