{"id":2423,"date":"2019-07-03T17:51:26","date_gmt":"2019-07-03T17:51:26","guid":{"rendered":"http:\/\/cebilbilitanos.com\/?p=2423"},"modified":"2019-07-03T17:51:26","modified_gmt":"2019-07-03T17:51:26","slug":"presentacion-de-la-guia-de-calatayud","status":"publish","type":"post","link":"https:\/\/cebilbilitanos.com\/?p=2423","title":{"rendered":"Presentaci\u00f3n de la gu\u00eda de Calatayud"},"content":{"rendered":"\n<p><strong>Presentaci\u00f3n de la gu\u00eda de Calatayud<\/strong><\/p>\n\n\n\n<p><em>Francisco Tobajas Gallego<\/em><\/p>\n\n\n\n<p>&nbsp;&nbsp;&nbsp;&nbsp;&nbsp;&nbsp;&nbsp;&nbsp;&nbsp;&nbsp;&nbsp; En\nel sal\u00f3n de actos de Claretianos tuvo lugar el pasado 27 de junio de 2019 la\npresentaci\u00f3n de la nueva Gu\u00eda de Calatayud, que ha sido editada por el Centro\nde Estudios Bilbilitanos, en colaboraci\u00f3n con el Ayuntamiento de Calatayud.<\/p>\n\n\n\n<p>\u00a0\u00a0\u00a0\u00a0\u00a0\u00a0\u00a0\u00a0\u00a0\u00a0\u00a0 En esta gu\u00eda han colaborado desinteresadamente m\u00e1s de treinta investigadores de todos los campos y quince fot\u00f3grafos, que han aportado fotograf\u00edas recientes de la ciudad. No se trata de una gu\u00eda tur\u00edstica al uso, sino de una gu\u00eda para conocer, salvaguardar la ciudad y sensibilizar a todos de la urgente necesidad de conservar ese ingente patrimonio que guarda Calatayud.<\/p>\n\n\n\n<figure class=\"wp-block-image\"><img decoding=\"async\" loading=\"lazy\" width=\"800\" height=\"600\" src=\"http:\/\/cebilbilitanos.com\/wp-content\/uploads\/2019\/07\/23bee9d4-40fa-433c-9dd6-43fc9f18c90b.jpg\" alt=\"\" class=\"wp-image-2424\" srcset=\"https:\/\/cebilbilitanos.com\/wp-content\/uploads\/2019\/07\/23bee9d4-40fa-433c-9dd6-43fc9f18c90b.jpg 800w, https:\/\/cebilbilitanos.com\/wp-content\/uploads\/2019\/07\/23bee9d4-40fa-433c-9dd6-43fc9f18c90b-300x225.jpg 300w, https:\/\/cebilbilitanos.com\/wp-content\/uploads\/2019\/07\/23bee9d4-40fa-433c-9dd6-43fc9f18c90b-768x576.jpg 768w\" sizes=\"(max-width: 800px) 100vw, 800px\" \/><\/figure>\n\n\n\n<p>&nbsp;&nbsp;&nbsp;&nbsp;&nbsp;&nbsp;&nbsp;&nbsp;&nbsp;&nbsp;&nbsp; La\ngu\u00eda recoge una peque\u00f1a historia de la ciudad, con otros apartados dedicados al\nconjunto fortificado y los barrios altos, al centro hist\u00f3rico-art\u00edstico, a las\niglesias, conventos y ermitas, a la arquitectura civil, museos y al patrimonio\narqueol\u00f3gico, que fueron presentados por Carlos S\u00e1enz, Sergio Sebasti\u00e1n, Jes\u00fas\nCriado y Fernando Alegre.<\/p>\n\n\n\n<p>\u00a0\u00a0\u00a0\u00a0\u00a0\u00a0\u00a0\u00a0\u00a0\u00a0\u00a0 Jos\u00e9 Manuel Aranda, alcalde de Calatayud, que asisti\u00f3 a la presentaci\u00f3n, junto a otros concejales del Consistorio, adelant\u00f3 que ya ha sido aprobada y presupuestada, con m\u00e1s de dos millones y medio de euros, la rehabilitaci\u00f3n total de la colegiata de Santa Mar\u00eda, sin olvidar otras iniciativas tambi\u00e9n importantes para el patrimonio de la ciudad, como el Plan Director del yacimiento de B\u00edlbilis e intervenciones en la iglesia de San Andr\u00e9s, castillo de Ayub, Torremocha y en la harinera, para convertirla en un centro tecnol\u00f3gico.<\/p>\n\n\n\n<div class=\"wp-block-image\"><figure class=\"aligncenter\"><img decoding=\"async\" loading=\"lazy\" width=\"496\" height=\"702\" src=\"http:\/\/cebilbilitanos.com\/wp-content\/uploads\/2019\/07\/guia-de-calatayud-709x1024.jpg\" alt=\"\" class=\"wp-image-2425\" srcset=\"https:\/\/cebilbilitanos.com\/wp-content\/uploads\/2019\/07\/guia-de-calatayud-709x1024.jpg 496w, https:\/\/cebilbilitanos.com\/wp-content\/uploads\/2019\/07\/guia-de-calatayud-709x1024-212x300.jpg 212w\" sizes=\"(max-width: 496px) 100vw, 496px\" \/><\/figure><\/div>\n","protected":false},"excerpt":{"rendered":"<p>Presentaci\u00f3n de la gu\u00eda de Calatayud Francisco Tobajas Gallego &nbsp;&nbsp;&nbsp;&nbsp;&nbsp;&nbsp;&nbsp;&nbsp;&nbsp;&nbsp;&nbsp; En el sal\u00f3n de actos de Claretianos tuvo lugar el pasado 27 de junio de 2019 la presentaci\u00f3n de la nueva Gu\u00eda de Calatayud, que ha sido editada por el &hellip; <a href=\"https:\/\/cebilbilitanos.com\/?p=2423\">Sigue leyendo <span class=\"meta-nav\">&rarr;<\/span><\/a><\/p>\n","protected":false},"author":1,"featured_media":2424,"comment_status":"closed","ping_status":"open","sticky":false,"template":"","format":"standard","meta":[],"categories":[23],"tags":[10,11],"_links":{"self":[{"href":"https:\/\/cebilbilitanos.com\/index.php?rest_route=\/wp\/v2\/posts\/2423"}],"collection":[{"href":"https:\/\/cebilbilitanos.com\/index.php?rest_route=\/wp\/v2\/posts"}],"about":[{"href":"https:\/\/cebilbilitanos.com\/index.php?rest_route=\/wp\/v2\/types\/post"}],"author":[{"embeddable":true,"href":"https:\/\/cebilbilitanos.com\/index.php?rest_route=\/wp\/v2\/users\/1"}],"replies":[{"embeddable":true,"href":"https:\/\/cebilbilitanos.com\/index.php?rest_route=%2Fwp%2Fv2%2Fcomments&post=2423"}],"version-history":[{"count":1,"href":"https:\/\/cebilbilitanos.com\/index.php?rest_route=\/wp\/v2\/posts\/2423\/revisions"}],"predecessor-version":[{"id":2426,"href":"https:\/\/cebilbilitanos.com\/index.php?rest_route=\/wp\/v2\/posts\/2423\/revisions\/2426"}],"wp:featuredmedia":[{"embeddable":true,"href":"https:\/\/cebilbilitanos.com\/index.php?rest_route=\/wp\/v2\/media\/2424"}],"wp:attachment":[{"href":"https:\/\/cebilbilitanos.com\/index.php?rest_route=%2Fwp%2Fv2%2Fmedia&parent=2423"}],"wp:term":[{"taxonomy":"category","embeddable":true,"href":"https:\/\/cebilbilitanos.com\/index.php?rest_route=%2Fwp%2Fv2%2Fcategories&post=2423"},{"taxonomy":"post_tag","embeddable":true,"href":"https:\/\/cebilbilitanos.com\/index.php?rest_route=%2Fwp%2Fv2%2Ftags&post=2423"}],"curies":[{"name":"wp","href":"https:\/\/api.w.org\/{rel}","templated":true}]}}