{"id":2419,"date":"2019-06-19T19:03:03","date_gmt":"2019-06-19T19:03:03","guid":{"rendered":"http:\/\/cebilbilitanos.com\/?p=2419"},"modified":"2019-06-19T19:03:03","modified_gmt":"2019-06-19T19:03:03","slug":"presentacion-guia-de-calatayud","status":"publish","type":"post","link":"https:\/\/cebilbilitanos.com\/?p=2419","title":{"rendered":"Presentaci\u00f3n gu\u00eda de Calatayud"},"content":{"rendered":"\n<figure class=\"wp-block-image\"><img decoding=\"async\" loading=\"lazy\" width=\"709\" height=\"1024\" src=\"http:\/\/cebilbilitanos.com\/wp-content\/uploads\/2019\/06\/guia-de-calatayud-709x1024.jpg\" alt=\"\" class=\"wp-image-2420\" srcset=\"https:\/\/cebilbilitanos.com\/wp-content\/uploads\/2019\/06\/guia-de-calatayud-709x1024.jpg 709w, https:\/\/cebilbilitanos.com\/wp-content\/uploads\/2019\/06\/guia-de-calatayud-208x300.jpg 208w, https:\/\/cebilbilitanos.com\/wp-content\/uploads\/2019\/06\/guia-de-calatayud.jpg 720w\" sizes=\"(max-width: 709px) 100vw, 709px\" \/><\/figure>\n\n\n\n<p>El jueves, 27 de junio, a las ocho de la tarde, se presentar\u00e1 en el sal\u00f3n de actos de Claretianos de Calatayud el libro&nbsp;<strong><em>Calatayud<\/em><\/strong>.&nbsp;<strong><em>Historia, Arte, Arquitectura y Urbanismo. Una gu\u00eda para salvaguardar la ciudad<\/em><\/strong>.<\/p>\n\n\n\n<p>Dirigido principalmente a todos los bilbilitanos, no es una gu\u00eda tur\u00edstica, si bien puede servir para tal fin, siendo por ello tambi\u00e9n \u00fatil para quienes visiten la ciudad y quieran profundizar en su conocimiento de forma global. Se ofrecen datos actualizados sobre su historia, arte, arquitectura y urbanismo, fruto de las investigaciones desarrolladas en las \u00faltimas d\u00e9cadas tanto por especialistas en diferentes \u00e1reas como por estudiosos locales. Es una obra colectiva e interdisciplinar, editada por el Centro de Estudios Bilbilitanos con la colaboraci\u00f3n del Ayuntamiento de Calatayud.<\/p>\n\n\n\n<p><\/p>\n","protected":false},"excerpt":{"rendered":"<p>El jueves, 27 de junio, a las ocho de la tarde, se presentar\u00e1 en el sal\u00f3n de actos de Claretianos de Calatayud el libro&nbsp;Calatayud.&nbsp;Historia, Arte, Arquitectura y Urbanismo. Una gu\u00eda para salvaguardar la ciudad. Dirigido principalmente a todos los bilbilitanos, &hellip; <a href=\"https:\/\/cebilbilitanos.com\/?p=2419\">Sigue leyendo <span class=\"meta-nav\">&rarr;<\/span><\/a><\/p>\n","protected":false},"author":1,"featured_media":0,"comment_status":"closed","ping_status":"open","sticky":false,"template":"","format":"standard","meta":[],"categories":[23,30],"tags":[6,56,10,11],"_links":{"self":[{"href":"https:\/\/cebilbilitanos.com\/index.php?rest_route=\/wp\/v2\/posts\/2419"}],"collection":[{"href":"https:\/\/cebilbilitanos.com\/index.php?rest_route=\/wp\/v2\/posts"}],"about":[{"href":"https:\/\/cebilbilitanos.com\/index.php?rest_route=\/wp\/v2\/types\/post"}],"author":[{"embeddable":true,"href":"https:\/\/cebilbilitanos.com\/index.php?rest_route=\/wp\/v2\/users\/1"}],"replies":[{"embeddable":true,"href":"https:\/\/cebilbilitanos.com\/index.php?rest_route=%2Fwp%2Fv2%2Fcomments&post=2419"}],"version-history":[{"count":1,"href":"https:\/\/cebilbilitanos.com\/index.php?rest_route=\/wp\/v2\/posts\/2419\/revisions"}],"predecessor-version":[{"id":2421,"href":"https:\/\/cebilbilitanos.com\/index.php?rest_route=\/wp\/v2\/posts\/2419\/revisions\/2421"}],"wp:attachment":[{"href":"https:\/\/cebilbilitanos.com\/index.php?rest_route=%2Fwp%2Fv2%2Fmedia&parent=2419"}],"wp:term":[{"taxonomy":"category","embeddable":true,"href":"https:\/\/cebilbilitanos.com\/index.php?rest_route=%2Fwp%2Fv2%2Fcategories&post=2419"},{"taxonomy":"post_tag","embeddable":true,"href":"https:\/\/cebilbilitanos.com\/index.php?rest_route=%2Fwp%2Fv2%2Ftags&post=2419"}],"curies":[{"name":"wp","href":"https:\/\/api.w.org\/{rel}","templated":true}]}}