{"id":2381,"date":"2019-04-16T16:29:03","date_gmt":"2019-04-16T16:29:03","guid":{"rendered":"http:\/\/cebilbilitanos.com\/?p=2381"},"modified":"2019-04-16T16:29:03","modified_gmt":"2019-04-16T16:29:03","slug":"los-descendientes-de-la-familia-olazabal-bordiu-donan-el-craneo-del-papa-luna-al-ayuntamiento-de-savinan","status":"publish","type":"post","link":"https:\/\/cebilbilitanos.com\/?p=2381","title":{"rendered":"Los descendientes de la familia Olaz\u00e1bal-Bord\u00edu donan el cr\u00e1neo del Papa Luna al Ayuntamiento de Savi\u00f1\u00e1n"},"content":{"rendered":"\n<p>Francisco Tobajas\nGallego<\/p>\n\n\n\n<p>Ignacio Marcuello, alcalde de Savi\u00f1\u00e1n, me ha comentado que, a principios de este mes de abril, Luis Olaz\u00e1bal y Castro, en representaci\u00f3n del resto de los propietarios del cr\u00e1neo del Papa Luna, confirmando los deseos de su padre y t\u00edos, los hermanos Olaz\u00e1bal-Bord\u00edu, y en virtud de una promesa hecha anteriormente, han donado al Ayuntamiento de Savi\u00f1\u00e1n el cr\u00e1neo del Papa Luna. Los poderes para esta donaci\u00f3n obran ya en el Ayuntamiento de Savi\u00f1\u00e1n. Pr\u00f3ximamente se celebrar\u00e1 un pleno extraordinario, para que el Ayuntamiento tenga a bien aceptar esta donaci\u00f3n.<\/p>\n\n\n\n<figure class=\"wp-block-image\"><img decoding=\"async\" loading=\"lazy\" width=\"636\" height=\"1024\" src=\"http:\/\/cebilbilitanos.com\/wp-content\/uploads\/2019\/04\/Cr\u00e1neo-Papa-Luna-636x1024.jpg\" alt=\"\" class=\"wp-image-2382\" srcset=\"https:\/\/cebilbilitanos.com\/wp-content\/uploads\/2019\/04\/Cr\u00e1neo-Papa-Luna-636x1024.jpg 636w, https:\/\/cebilbilitanos.com\/wp-content\/uploads\/2019\/04\/Cr\u00e1neo-Papa-Luna-186x300.jpg 186w, https:\/\/cebilbilitanos.com\/wp-content\/uploads\/2019\/04\/Cr\u00e1neo-Papa-Luna.jpg 733w\" sizes=\"(max-width: 636px) 100vw, 636px\" \/><\/figure>\n\n\n\n<p>Recordemos que el cr\u00e1neo del Papa Luna fue expuesto en su urna en la Sala Corona de Arag\u00f3n del edifico Pignatelli de Zaragoza, en la Muestra de Documentaci\u00f3n Hist\u00f3rica Aragonesa, en conmemoraci\u00f3n del sexto centenario de la elecci\u00f3n papal de Pedro Mart\u00ednez de Luna, Avi\u00f1\u00f3n, 28 de septiembre de 1394, que tuvo lugar del 28 de septiembre al 31 de octubre de 1994. Entonces estaba a\u00fan sin inventariar, aunque se asegur\u00f3 en cincuenta millones de pesetas. Lo ser\u00eda en 2007, tras su recuperaci\u00f3n, a causa del robo ocurrido la noche del 6 al 7 de abril del a\u00f1o 2000, en el palacio de los condes de Argillo de Savi\u00f1\u00e1n.<\/p>\n\n\n\n<p>El 8 de mayo de 2007, publicado en el BOA el 28 del mismo mes, el Gobierno de Arag\u00f3n declaraba el cr\u00e1neo del Papa Luna Bien de Inter\u00e9s Cultural.<\/p>\n\n\n\n<p>El cr\u00e1neo del Papa Luna se encuentra actualmente depositado en el Museo Provincial de Zaragoza, bajo la responsabilidad de la Direcci\u00f3n General de Cultura y Patrimonio, hasta que se entregue a sus actuales propietarios, el Ayuntamiento de Savi\u00f1\u00e1n, que deber\u00e1 cumplir con las exigencias establecidas para bienes de este tipo en Arag\u00f3n. <\/p>\n\n\n\n<p>El\nAyuntamiento de Savi\u00f1\u00e1n compr\u00f3 en 2013 a los descendientes de los hermanos Olaz\u00e1bal-Bord\u00edu\nel palacio de los condes de Argillo, un palacio renacentista que se desarroll\u00f3\na partir de una torre medieval que los Mu\u00f1oz de Pamplona levantaron en Savi\u00f1\u00e1n,\ntras la conquista cristiana de Calatayud en 1120. <\/p>\n","protected":false},"excerpt":{"rendered":"<p>Francisco Tobajas Gallego Ignacio Marcuello, alcalde de Savi\u00f1\u00e1n, me ha comentado que, a principios de este mes de abril, Luis Olaz\u00e1bal y Castro, en representaci\u00f3n del resto de los propietarios del cr\u00e1neo del Papa Luna, confirmando los deseos de su &hellip; <a href=\"https:\/\/cebilbilitanos.com\/?p=2381\">Sigue leyendo <span class=\"meta-nav\">&rarr;<\/span><\/a><\/p>\n","protected":false},"author":1,"featured_media":0,"comment_status":"closed","ping_status":"open","sticky":false,"template":"","format":"standard","meta":[],"categories":[23],"tags":[17],"_links":{"self":[{"href":"https:\/\/cebilbilitanos.com\/index.php?rest_route=\/wp\/v2\/posts\/2381"}],"collection":[{"href":"https:\/\/cebilbilitanos.com\/index.php?rest_route=\/wp\/v2\/posts"}],"about":[{"href":"https:\/\/cebilbilitanos.com\/index.php?rest_route=\/wp\/v2\/types\/post"}],"author":[{"embeddable":true,"href":"https:\/\/cebilbilitanos.com\/index.php?rest_route=\/wp\/v2\/users\/1"}],"replies":[{"embeddable":true,"href":"https:\/\/cebilbilitanos.com\/index.php?rest_route=%2Fwp%2Fv2%2Fcomments&post=2381"}],"version-history":[{"count":1,"href":"https:\/\/cebilbilitanos.com\/index.php?rest_route=\/wp\/v2\/posts\/2381\/revisions"}],"predecessor-version":[{"id":2383,"href":"https:\/\/cebilbilitanos.com\/index.php?rest_route=\/wp\/v2\/posts\/2381\/revisions\/2383"}],"wp:attachment":[{"href":"https:\/\/cebilbilitanos.com\/index.php?rest_route=%2Fwp%2Fv2%2Fmedia&parent=2381"}],"wp:term":[{"taxonomy":"category","embeddable":true,"href":"https:\/\/cebilbilitanos.com\/index.php?rest_route=%2Fwp%2Fv2%2Fcategories&post=2381"},{"taxonomy":"post_tag","embeddable":true,"href":"https:\/\/cebilbilitanos.com\/index.php?rest_route=%2Fwp%2Fv2%2Ftags&post=2381"}],"curies":[{"name":"wp","href":"https:\/\/api.w.org\/{rel}","templated":true}]}}