{"id":2358,"date":"2019-04-03T21:50:31","date_gmt":"2019-04-03T21:50:31","guid":{"rendered":"http:\/\/cebilbilitanos.com\/?p=2358"},"modified":"2019-04-16T16:30:12","modified_gmt":"2019-04-16T16:30:12","slug":"exposicion-cofradias-de-calatayud","status":"publish","type":"post","link":"https:\/\/cebilbilitanos.com\/?p=2358","title":{"rendered":"Exposici\u00f3n Cofrad\u00edas de Calatayud"},"content":{"rendered":"\n<h2 class=\"wp-block-heading\">El alma de la tradici\u00f3n y de la fiesta<\/h2>\n\n\n\n<p>La exposici\u00f3n \u201cCofrad\u00edas de Calatayud, el alma de la tradici\u00f3n y de la fiesta\u201d se compone de ocho paneles interpretativos que muestran al visitante algunos rasgos de las cofrad\u00edas bilbilitanas. <\/p>\n\n\n\n<p>El Ayuntamiento de Calatayud y el Centro de Estudios Bilbilitanos han organizado conjuntamente la exposici\u00f3n&nbsp;<strong><em>Cofrad\u00edas de Calatayud. El alma de la tradici\u00f3n y de la fiesta<\/em><\/strong>, en el Aula Cultural San Benito.<\/p>\n\n\n\n<p>La exposici\u00f3n, que permanecer\u00e1 abierta del 9 al 23 de abril, se inaugurar\u00e1 el d\u00eda 9 a las 20 horas.<\/p>\n\n\n\n<p>Las fotograf\u00edas son de Jes\u00fas Macipe Roy; los textos, de Manuel Casado L\u00f3pez, con la colaboraci\u00f3n en uno de los paneles de Francisco Javier Lorenzo de la Mata, y el dise\u00f1o de los paneles, de Jos\u00e9 Ram\u00f3n Olalla Celma.<\/p>\n\n\n\n<p>Con esta iniciativa se pretende reflejar la situaci\u00f3n actual de las cofrad\u00edas bilbilitanas, incluidas las penitenciales, como muestra de una investigaci\u00f3n m\u00e1s profunda que se viene desarrollando desde hace un par de a\u00f1os.<\/p>\n\n\n\n<p>Las cofrad\u00edas, algunas de las cuales tienen varios siglos de antig\u00fcedad, son una parte esencial del entramado social del Calatayud actual y forman parte indisoluble de su legado inmaterial.<\/p>\n\n\n\n<p><em>Centro de Estudios Bilbilitanos<\/em><\/p>\n\n\n\n<figure class=\"wp-block-image\"><img decoding=\"async\" loading=\"lazy\" width=\"768\" height=\"1024\" src=\"http:\/\/cebilbilitanos.com\/wp-content\/uploads\/2019\/03\/CARTEL-COFRAD\u00cdAS-768x1024.png\" alt=\"\" class=\"wp-image-2350\" srcset=\"https:\/\/cebilbilitanos.com\/wp-content\/uploads\/2019\/03\/CARTEL-COFRAD\u00cdAS-768x1024.png 768w, https:\/\/cebilbilitanos.com\/wp-content\/uploads\/2019\/03\/CARTEL-COFRAD\u00cdAS-225x300.png 225w, https:\/\/cebilbilitanos.com\/wp-content\/uploads\/2019\/03\/CARTEL-COFRAD\u00cdAS.png 1008w\" sizes=\"(max-width: 768px) 100vw, 768px\" \/><\/figure>\n\n\n\n<p>Para favorecer una visita m\u00e1s tranquila que la que puede hacerse en la sala de exposiciones, proporcionamos las im\u00e1genes de los paneles y el enlace a su correspondiente PDF en alta resoluci\u00f3n para que las personas interesadas puedan descargar cada uno de los paneles.<\/p>\n\n\n\n<pre class=\"wp-block-preformatted\"><figure class=\"wp-block-image\"><img decoding=\"async\" loading=\"lazy\" width=\"682\" height=\"1024\" src=\"http:\/\/cebilbilitanos.com\/wp-content\/uploads\/2019\/04\/PANEL1pp-682x1024.jpg\" alt=\"\" class=\"wp-image-2367\" srcset=\"https:\/\/cebilbilitanos.com\/wp-content\/uploads\/2019\/04\/PANEL1pp-682x1024.jpg 682w, https:\/\/cebilbilitanos.com\/wp-content\/uploads\/2019\/04\/PANEL1pp-200x300.jpg 200w, https:\/\/cebilbilitanos.com\/wp-content\/uploads\/2019\/04\/PANEL1pp-768x1154.jpg 768w, https:\/\/cebilbilitanos.com\/wp-content\/uploads\/2019\/04\/PANEL1pp.jpg 800w\" sizes=\"(max-width: 682px) 100vw, 682px\" \/><figcaption><a href=\"https:\/\/www.dropbox.com\/s\/vttz6k4a2y907i4\/PANEL1.pdf?dl=0\" target=\"_blank\" rel=\"noreferrer noopener\" aria-label=\" (abre en una nueva pesta\u00f1a)\">Descargar PDF en tama\u00f1o real y m\u00e1xima resoluci\u00f3n<\/a><\/figcaption><\/figure><\/pre>\n\n\n\n<pre class=\"wp-block-preformatted\"><figure class=\"wp-block-image\"><img decoding=\"async\" loading=\"lazy\" width=\"682\" height=\"1024\" src=\"http:\/\/cebilbilitanos.com\/wp-content\/uploads\/2019\/04\/PANEL2pp-682x1024.jpg\" alt=\"\" class=\"wp-image-2368\" srcset=\"https:\/\/cebilbilitanos.com\/wp-content\/uploads\/2019\/04\/PANEL2pp-682x1024.jpg 682w, https:\/\/cebilbilitanos.com\/wp-content\/uploads\/2019\/04\/PANEL2pp-200x300.jpg 200w, https:\/\/cebilbilitanos.com\/wp-content\/uploads\/2019\/04\/PANEL2pp-768x1154.jpg 768w, https:\/\/cebilbilitanos.com\/wp-content\/uploads\/2019\/04\/PANEL2pp.jpg 800w\" sizes=\"(max-width: 682px) 100vw, 682px\" \/><figcaption> <br><a href=\"https:\/\/www.dropbox.com\/s\/b3qs4a84q0n8ati\/PANEL2.pdf?dl=0\" target=\"_blank\" rel=\"noreferrer noopener\" aria-label=\" (abre en una nueva pesta\u00f1a)\">Descargar PDF en tama\u00f1o real y m\u00e1xima resoluci\u00f3n <\/a><\/figcaption><\/figure><\/pre>\n\n\n\n<pre class=\"wp-block-preformatted\"><figure class=\"wp-block-image\"><img decoding=\"async\" loading=\"lazy\" width=\"682\" height=\"1024\" src=\"http:\/\/cebilbilitanos.com\/wp-content\/uploads\/2019\/04\/PANEL3pp-682x1024.jpg\" alt=\"\" class=\"wp-image-2369\" srcset=\"https:\/\/cebilbilitanos.com\/wp-content\/uploads\/2019\/04\/PANEL3pp-682x1024.jpg 682w, https:\/\/cebilbilitanos.com\/wp-content\/uploads\/2019\/04\/PANEL3pp-200x300.jpg 200w, https:\/\/cebilbilitanos.com\/wp-content\/uploads\/2019\/04\/PANEL3pp-768x1154.jpg 768w, https:\/\/cebilbilitanos.com\/wp-content\/uploads\/2019\/04\/PANEL3pp.jpg 800w\" sizes=\"(max-width: 682px) 100vw, 682px\" \/><figcaption> <br><a href=\"https:\/\/www.dropbox.com\/s\/vzxq4vry0t0v3e6\/PANEL3.pdf?dl=0\" target=\"_blank\" rel=\"noreferrer noopener\" aria-label=\" (abre en una nueva pesta\u00f1a)\">Descargar PDF en tama\u00f1o real y m\u00e1xima resoluci\u00f3n <\/a><\/figcaption><\/figure><\/pre>\n\n\n\n<pre class=\"wp-block-preformatted\"><figure class=\"wp-block-image\"><img decoding=\"async\" loading=\"lazy\" width=\"682\" height=\"1024\" src=\"http:\/\/cebilbilitanos.com\/wp-content\/uploads\/2019\/04\/PANEL4pp-682x1024.jpg\" alt=\"\" class=\"wp-image-2370\" srcset=\"https:\/\/cebilbilitanos.com\/wp-content\/uploads\/2019\/04\/PANEL4pp-682x1024.jpg 682w, https:\/\/cebilbilitanos.com\/wp-content\/uploads\/2019\/04\/PANEL4pp-200x300.jpg 200w, https:\/\/cebilbilitanos.com\/wp-content\/uploads\/2019\/04\/PANEL4pp-768x1154.jpg 768w, https:\/\/cebilbilitanos.com\/wp-content\/uploads\/2019\/04\/PANEL4pp.jpg 800w\" sizes=\"(max-width: 682px) 100vw, 682px\" \/><figcaption> <br><a href=\"https:\/\/www.dropbox.com\/s\/pq3q7aqb2uea82z\/PANEL4.pdf?dl=0\" target=\"_blank\" rel=\"noreferrer noopener\" aria-label=\" (abre en una nueva pesta\u00f1a)\">Descargar PDF en tama\u00f1o real y m\u00e1xima resoluci\u00f3n <\/a><\/figcaption><\/figure><\/pre>\n\n\n\n<pre class=\"wp-block-preformatted\"><figure class=\"wp-block-image\"><img decoding=\"async\" loading=\"lazy\" width=\"682\" height=\"1024\" src=\"http:\/\/cebilbilitanos.com\/wp-content\/uploads\/2019\/04\/PANEL5pp-682x1024.jpg\" alt=\"\" class=\"wp-image-2371\" srcset=\"https:\/\/cebilbilitanos.com\/wp-content\/uploads\/2019\/04\/PANEL5pp-682x1024.jpg 682w, https:\/\/cebilbilitanos.com\/wp-content\/uploads\/2019\/04\/PANEL5pp-200x300.jpg 200w, https:\/\/cebilbilitanos.com\/wp-content\/uploads\/2019\/04\/PANEL5pp-768x1154.jpg 768w, https:\/\/cebilbilitanos.com\/wp-content\/uploads\/2019\/04\/PANEL5pp.jpg 800w\" sizes=\"(max-width: 682px) 100vw, 682px\" \/><figcaption> <br><a href=\"https:\/\/www.dropbox.com\/s\/k4qcp1gxjrw3bh3\/PANEL5.pdf?dl=0\" target=\"_blank\" rel=\"noreferrer noopener\" aria-label=\" (abre en una nueva pesta\u00f1a)\">Descargar PDF en tama\u00f1o real y m\u00e1xima resoluci\u00f3n <\/a><\/figcaption><\/figure><\/pre>\n\n\n\n<pre class=\"wp-block-preformatted\"><figure class=\"wp-block-image\"><img decoding=\"async\" loading=\"lazy\" width=\"682\" height=\"1024\" src=\"http:\/\/cebilbilitanos.com\/wp-content\/uploads\/2019\/04\/PANEL6pp-682x1024.jpg\" alt=\"\" class=\"wp-image-2372\" srcset=\"https:\/\/cebilbilitanos.com\/wp-content\/uploads\/2019\/04\/PANEL6pp-682x1024.jpg 682w, https:\/\/cebilbilitanos.com\/wp-content\/uploads\/2019\/04\/PANEL6pp-200x300.jpg 200w, https:\/\/cebilbilitanos.com\/wp-content\/uploads\/2019\/04\/PANEL6pp-768x1154.jpg 768w, https:\/\/cebilbilitanos.com\/wp-content\/uploads\/2019\/04\/PANEL6pp.jpg 800w\" sizes=\"(max-width: 682px) 100vw, 682px\" \/><figcaption> <br><a href=\"https:\/\/www.dropbox.com\/s\/fbpm5ly5ud8cs92\/PANEL6.pdf?dl=0\" target=\"_blank\" rel=\"noreferrer noopener\" aria-label=\" (abre en una nueva pesta\u00f1a)\">Descargar PDF en tama\u00f1o real y m\u00e1xima resoluci\u00f3n <\/a><\/figcaption><\/figure><\/pre>\n\n\n\n<pre class=\"wp-block-preformatted\"><figure class=\"wp-block-image\"><img decoding=\"async\" loading=\"lazy\" width=\"682\" height=\"1024\" src=\"http:\/\/cebilbilitanos.com\/wp-content\/uploads\/2019\/04\/PANEL7pp-682x1024.jpg\" alt=\"\" class=\"wp-image-2373\" srcset=\"https:\/\/cebilbilitanos.com\/wp-content\/uploads\/2019\/04\/PANEL7pp-682x1024.jpg 682w, https:\/\/cebilbilitanos.com\/wp-content\/uploads\/2019\/04\/PANEL7pp-200x300.jpg 200w, https:\/\/cebilbilitanos.com\/wp-content\/uploads\/2019\/04\/PANEL7pp-768x1154.jpg 768w, https:\/\/cebilbilitanos.com\/wp-content\/uploads\/2019\/04\/PANEL7pp.jpg 800w\" sizes=\"(max-width: 682px) 100vw, 682px\" \/><figcaption> <br><a href=\"https:\/\/www.dropbox.com\/s\/57gggehbc369bcl\/PANEL7.pdf?dl=0\" target=\"_blank\" rel=\"noreferrer noopener\" aria-label=\" (abre en una nueva pesta\u00f1a)\">Descargar PDF en tama\u00f1o real y m\u00e1xima resoluci\u00f3n <\/a><\/figcaption><\/figure><\/pre>\n\n\n\n<pre class=\"wp-block-preformatted\"><figure class=\"wp-block-image\"><img decoding=\"async\" loading=\"lazy\" width=\"682\" height=\"1024\" src=\"http:\/\/cebilbilitanos.com\/wp-content\/uploads\/2019\/04\/PANEL8pp-682x1024.jpg\" alt=\"\" class=\"wp-image-2374\" srcset=\"https:\/\/cebilbilitanos.com\/wp-content\/uploads\/2019\/04\/PANEL8pp-682x1024.jpg 682w, https:\/\/cebilbilitanos.com\/wp-content\/uploads\/2019\/04\/PANEL8pp-200x300.jpg 200w, https:\/\/cebilbilitanos.com\/wp-content\/uploads\/2019\/04\/PANEL8pp-768x1154.jpg 768w, https:\/\/cebilbilitanos.com\/wp-content\/uploads\/2019\/04\/PANEL8pp.jpg 800w\" sizes=\"(max-width: 682px) 100vw, 682px\" \/><figcaption> <br><a href=\"https:\/\/www.dropbox.com\/s\/4r8hwhla4mdjgmy\/PANEL8.pdf?dl=0\" target=\"_blank\" rel=\"noreferrer noopener\" aria-label=\" (abre en una nueva pesta\u00f1a)\">Descargar PDF en tama\u00f1o real y m\u00e1xima resoluci\u00f3n <\/a><\/figcaption><\/figure><\/pre>\n","protected":false},"excerpt":{"rendered":"<p>El alma de la tradici\u00f3n y de la fiesta La exposici\u00f3n \u201cCofrad\u00edas de Calatayud, el alma de la tradici\u00f3n y de la fiesta\u201d se compone de ocho paneles interpretativos que muestran al visitante algunos rasgos de las cofrad\u00edas bilbilitanas. El &hellip; <a href=\"https:\/\/cebilbilitanos.com\/?p=2358\">Sigue leyendo <span class=\"meta-nav\">&rarr;<\/span><\/a><\/p>\n","protected":false},"author":1,"featured_media":0,"comment_status":"closed","ping_status":"open","sticky":false,"template":"","format":"standard","meta":[],"categories":[23],"tags":[36],"_links":{"self":[{"href":"https:\/\/cebilbilitanos.com\/index.php?rest_route=\/wp\/v2\/posts\/2358"}],"collection":[{"href":"https:\/\/cebilbilitanos.com\/index.php?rest_route=\/wp\/v2\/posts"}],"about":[{"href":"https:\/\/cebilbilitanos.com\/index.php?rest_route=\/wp\/v2\/types\/post"}],"author":[{"embeddable":true,"href":"https:\/\/cebilbilitanos.com\/index.php?rest_route=\/wp\/v2\/users\/1"}],"replies":[{"embeddable":true,"href":"https:\/\/cebilbilitanos.com\/index.php?rest_route=%2Fwp%2Fv2%2Fcomments&post=2358"}],"version-history":[{"count":4,"href":"https:\/\/cebilbilitanos.com\/index.php?rest_route=\/wp\/v2\/posts\/2358\/revisions"}],"predecessor-version":[{"id":2384,"href":"https:\/\/cebilbilitanos.com\/index.php?rest_route=\/wp\/v2\/posts\/2358\/revisions\/2384"}],"wp:attachment":[{"href":"https:\/\/cebilbilitanos.com\/index.php?rest_route=%2Fwp%2Fv2%2Fmedia&parent=2358"}],"wp:term":[{"taxonomy":"category","embeddable":true,"href":"https:\/\/cebilbilitanos.com\/index.php?rest_route=%2Fwp%2Fv2%2Fcategories&post=2358"},{"taxonomy":"post_tag","embeddable":true,"href":"https:\/\/cebilbilitanos.com\/index.php?rest_route=%2Fwp%2Fv2%2Ftags&post=2358"}],"curies":[{"name":"wp","href":"https:\/\/api.w.org\/{rel}","templated":true}]}}