{"id":2345,"date":"2019-03-13T08:15:10","date_gmt":"2019-03-13T08:15:10","guid":{"rendered":"http:\/\/cebilbilitanos.com\/?p=2345"},"modified":"2019-03-13T08:15:10","modified_gmt":"2019-03-13T08:15:10","slug":"bilbilis-desde-la-tardoantiguedad-hasta-el-medievo","status":"publish","type":"post","link":"https:\/\/cebilbilitanos.com\/?p=2345","title":{"rendered":"B\u00edlbilis desde la tardoantig\u00fcedad hasta el medievo"},"content":{"rendered":"\n<figure class=\"wp-block-image\"><img decoding=\"async\" loading=\"lazy\" width=\"724\" height=\"1024\" src=\"http:\/\/cebilbilitanos.com\/wp-content\/uploads\/2019\/03\/Cartel-de-presentaci\u00f3n-Bilbilis-724x1024.jpg\" alt=\"\" class=\"wp-image-2346\" srcset=\"https:\/\/cebilbilitanos.com\/wp-content\/uploads\/2019\/03\/Cartel-de-presentaci\u00f3n-Bilbilis-724x1024.jpg 724w, https:\/\/cebilbilitanos.com\/wp-content\/uploads\/2019\/03\/Cartel-de-presentaci\u00f3n-Bilbilis-212x300.jpg 212w, https:\/\/cebilbilitanos.com\/wp-content\/uploads\/2019\/03\/Cartel-de-presentaci\u00f3n-Bilbilis-768x1086.jpg 768w\" sizes=\"(max-width: 724px) 100vw, 724px\" \/><\/figure>\n\n\n\n<h2 class=\"wp-block-heading\"><\/h2>\n\n\n\n<p>&nbsp;&nbsp;&nbsp;&nbsp;&nbsp;&nbsp;&nbsp;&nbsp;&nbsp;&nbsp;&nbsp;&nbsp;&nbsp;&nbsp;&nbsp; El\nCentro de Estudios Bilbilitanos y el Ayuntamiento de Calatayud presentar\u00e1n el\njueves, 21 de marzo, a las 20 horas, en la sala multiusos del ayuntamiento de\nCalatayud, el libro <em>B\u00edlbilis desde la\ntardoantig\u00fcedad hasta el medievo,<\/em> de J. Carlos S\u00e1enz Preciado y Manuel\nMart\u00edn-Bueno, con la colaboraci\u00f3n de Enrike Garc\u00eda Franc\u00e9s, Herbert Gonz\u00e1lez\nZymla y Diego Prieto L\u00f3pez.<\/p>\n\n\n\n<p>&nbsp;&nbsp;&nbsp;&nbsp;&nbsp;&nbsp;&nbsp;&nbsp;&nbsp;&nbsp;&nbsp;&nbsp;&nbsp;&nbsp;&nbsp; En\neste libro se da a conocer una de las etapas m\u00e1s desconocidas de <em>B\u00edlbilis<\/em>, como es su ocupaci\u00f3n desde el\nsiglo III hasta la Edad Media, cuando tras la conquista de Calatayud en 1120\npor Alfonso I el Batallador, se desarroll\u00f3 entre sus ruinas un peque\u00f1o poblado\nque perdur\u00f3 hasta el siglo XIV.<\/p>\n\n\n\n<p>&nbsp;&nbsp;&nbsp;&nbsp;&nbsp;&nbsp;&nbsp;&nbsp;&nbsp;&nbsp;&nbsp;&nbsp;&nbsp;&nbsp;&nbsp; A\nlo largo del libro se expone la ocupaci\u00f3n visigoda, isl\u00e1mica y cristiana del\nsolar bilbilitano, as\u00ed como de su entorno m\u00e1s inmediato, destacando el estudio\nantropol\u00f3gico de la necr\u00f3polis ubicada en el foro de la ciudad, vinculada a la\niglesia de Santa B\u00e1rbara, construida en su criptop\u00f3rtico.<\/p>\n\n\n\n<p><\/p>\n","protected":false},"excerpt":{"rendered":"<p>&nbsp;&nbsp;&nbsp;&nbsp;&nbsp;&nbsp;&nbsp;&nbsp;&nbsp;&nbsp;&nbsp;&nbsp;&nbsp;&nbsp;&nbsp; El Centro de Estudios Bilbilitanos y el Ayuntamiento de Calatayud presentar\u00e1n el jueves, 21 de marzo, a las 20 horas, en la sala multiusos del ayuntamiento de Calatayud, el libro B\u00edlbilis desde la tardoantig\u00fcedad hasta el medievo, de J. &hellip; <a href=\"https:\/\/cebilbilitanos.com\/?p=2345\">Sigue leyendo <span class=\"meta-nav\">&rarr;<\/span><\/a><\/p>\n","protected":false},"author":1,"featured_media":0,"comment_status":"closed","ping_status":"open","sticky":false,"template":"","format":"standard","meta":[],"categories":[23,30],"tags":[20,17],"_links":{"self":[{"href":"https:\/\/cebilbilitanos.com\/index.php?rest_route=\/wp\/v2\/posts\/2345"}],"collection":[{"href":"https:\/\/cebilbilitanos.com\/index.php?rest_route=\/wp\/v2\/posts"}],"about":[{"href":"https:\/\/cebilbilitanos.com\/index.php?rest_route=\/wp\/v2\/types\/post"}],"author":[{"embeddable":true,"href":"https:\/\/cebilbilitanos.com\/index.php?rest_route=\/wp\/v2\/users\/1"}],"replies":[{"embeddable":true,"href":"https:\/\/cebilbilitanos.com\/index.php?rest_route=%2Fwp%2Fv2%2Fcomments&post=2345"}],"version-history":[{"count":1,"href":"https:\/\/cebilbilitanos.com\/index.php?rest_route=\/wp\/v2\/posts\/2345\/revisions"}],"predecessor-version":[{"id":2347,"href":"https:\/\/cebilbilitanos.com\/index.php?rest_route=\/wp\/v2\/posts\/2345\/revisions\/2347"}],"wp:attachment":[{"href":"https:\/\/cebilbilitanos.com\/index.php?rest_route=%2Fwp%2Fv2%2Fmedia&parent=2345"}],"wp:term":[{"taxonomy":"category","embeddable":true,"href":"https:\/\/cebilbilitanos.com\/index.php?rest_route=%2Fwp%2Fv2%2Fcategories&post=2345"},{"taxonomy":"post_tag","embeddable":true,"href":"https:\/\/cebilbilitanos.com\/index.php?rest_route=%2Fwp%2Fv2%2Ftags&post=2345"}],"curies":[{"name":"wp","href":"https:\/\/api.w.org\/{rel}","templated":true}]}}