{"id":2302,"date":"2018-12-03T18:43:59","date_gmt":"2018-12-03T18:43:59","guid":{"rendered":"http:\/\/cebilbilitanos.com\/?p=2302"},"modified":"2018-12-03T18:43:59","modified_gmt":"2018-12-03T18:43:59","slug":"presentacion-la-terra-sigillata-de-carlos-saenz","status":"publish","type":"post","link":"https:\/\/cebilbilitanos.com\/?p=2302","title":{"rendered":"Presentaci\u00f3n \u00abLa Terra SIgillata&#8230;\u00bb de Carlos S\u00e1enz"},"content":{"rendered":"<p>EL mi\u00e9rcoles, 12 de diciembre, a las 20 horas, se presentar\u00e1 en la sala multiusos del ayuntamiento de Calatayud, el libro de J.Carlos S\u00e1enz Preciado: La <em>Terra SIgillata<\/em> Hisp\u00e1nica en los contextos cer\u00e1micos del <em>Municipium Augusta Bilbilis<\/em>.<\/p>\n<p><img decoding=\"async\" loading=\"lazy\" class=\"aligncenter size-full wp-image-2303\" src=\"http:\/\/cebilbilitanos.com\/wp-content\/uploads\/2018\/12\/Screenshot_1.png\" alt=\"\" width=\"592\" height=\"841\" srcset=\"https:\/\/cebilbilitanos.com\/wp-content\/uploads\/2018\/12\/Screenshot_1.png 592w, https:\/\/cebilbilitanos.com\/wp-content\/uploads\/2018\/12\/Screenshot_1-211x300.png 211w\" sizes=\"(max-width: 592px) 100vw, 592px\" \/><\/p>\n<p>El libro se centra en el estudio de las vajillas de <em>sigillata<\/em>, sus estratigraf\u00edas y contextos cer\u00e1micos, talleres de procedencia y alfareros que las elaboraron, as\u00ed como en su comercializaci\u00f3n, uso y amortizaci\u00f3n. Tambi\u00e9n se han estudiado los conjuntos cer\u00e1micos integrados en colecciones p\u00fablicas y privadas, principalmente la antigua colecci\u00f3n del Conde de Samitier, as\u00ed como diversos fondos de museos (Museo Arqueol\u00f3gico Nacional, Museo de Calatayud, etc.).<\/p>\n","protected":false},"excerpt":{"rendered":"<p>EL mi\u00e9rcoles, 12 de diciembre, a las 20 horas, se presentar\u00e1 en la sala multiusos del ayuntamiento de Calatayud, el libro de J.Carlos S\u00e1enz Preciado: La Terra SIgillata Hisp\u00e1nica en los contextos cer\u00e1micos del Municipium Augusta Bilbilis. El libro se &hellip; <a href=\"https:\/\/cebilbilitanos.com\/?p=2302\">Sigue leyendo <span class=\"meta-nav\">&rarr;<\/span><\/a><\/p>\n","protected":false},"author":1,"featured_media":0,"comment_status":"open","ping_status":"open","sticky":false,"template":"","format":"standard","meta":[],"categories":[23,30],"tags":[10,11],"_links":{"self":[{"href":"https:\/\/cebilbilitanos.com\/index.php?rest_route=\/wp\/v2\/posts\/2302"}],"collection":[{"href":"https:\/\/cebilbilitanos.com\/index.php?rest_route=\/wp\/v2\/posts"}],"about":[{"href":"https:\/\/cebilbilitanos.com\/index.php?rest_route=\/wp\/v2\/types\/post"}],"author":[{"embeddable":true,"href":"https:\/\/cebilbilitanos.com\/index.php?rest_route=\/wp\/v2\/users\/1"}],"replies":[{"embeddable":true,"href":"https:\/\/cebilbilitanos.com\/index.php?rest_route=%2Fwp%2Fv2%2Fcomments&post=2302"}],"version-history":[{"count":1,"href":"https:\/\/cebilbilitanos.com\/index.php?rest_route=\/wp\/v2\/posts\/2302\/revisions"}],"predecessor-version":[{"id":2304,"href":"https:\/\/cebilbilitanos.com\/index.php?rest_route=\/wp\/v2\/posts\/2302\/revisions\/2304"}],"wp:attachment":[{"href":"https:\/\/cebilbilitanos.com\/index.php?rest_route=%2Fwp%2Fv2%2Fmedia&parent=2302"}],"wp:term":[{"taxonomy":"category","embeddable":true,"href":"https:\/\/cebilbilitanos.com\/index.php?rest_route=%2Fwp%2Fv2%2Fcategories&post=2302"},{"taxonomy":"post_tag","embeddable":true,"href":"https:\/\/cebilbilitanos.com\/index.php?rest_route=%2Fwp%2Fv2%2Ftags&post=2302"}],"curies":[{"name":"wp","href":"https:\/\/api.w.org\/{rel}","templated":true}]}}