{"id":23,"date":"2011-03-08T10:00:55","date_gmt":"2011-03-08T10:00:55","guid":{"rendered":"http:\/\/cebilbilitanos.com\/?p=23"},"modified":"2015-09-10T17:21:01","modified_gmt":"2015-09-10T17:21:01","slug":"el-linaje-de-los-perez-de-nueros-entre-la-clientela-del-rey-y-el-patronazgo-local-siglos-xvi-xviii","status":"publish","type":"post","link":"https:\/\/cebilbilitanos.com\/?p=23","title":{"rendered":"El linaje de los P\u00e9rez de Nueros: entre la clientela del Rey y el patronazgo local (siglos XVI-XVIII)"},"content":{"rendered":"<div class=\"separator\" style=\"clear: both; text-align: center;\"><\/div>\n<div class=\"separator\" style=\"clear: both; text-align: center;\"><a style=\"margin-left: 1em; margin-right: 1em;\" href=\"https:\/\/lh5.googleusercontent.com\/-7qSKq2uXsoQ\/TXZ2lwanX9I\/AAAAAAAAAIA\/mf9gTqo43wE\/s1600\/P1000964.png\"><img decoding=\"async\" loading=\"lazy\" src=\"http:\/\/lh5.googleusercontent.com\/-7qSKq2uXsoQ\/TXZ2lwanX9I\/AAAAAAAAAIA\/mf9gTqo43wE\/s400\/P1000964.png\" alt=\"\" width=\"400\" height=\"260\" border=\"0\" \/><\/a><\/div>\n<p>Con la presentaci\u00f3n de Wilfredo Rinc\u00f3n,<span style=\"font-size: small;\"><span class=\"messageBody\"> Jos\u00e9 Ignacio G\u00f3mez Zorraquino present\u00f3 su obra <i>El linaje de los P\u00e9rez de Nueros: entre la clientela del Rey y el patronazgo local (siglos XVI-XVIII)<\/i><\/span><\/span><span style=\"font-size: small;\"><span class=\"messageBody\"> que hace el n\u00famero 108 en el cat\u00e1logo de publicaciones del Centro de Estudios Bilbilitanos.<\/span><\/span><\/p>\n<p><span style=\"font-size: small;\"><span class=\"messageBody\">El acto, que se celebr\u00f3 en el aula cultural San Benito, estuvo presidido por Manuel Micheto, presidente del CEB.<\/span><\/span><\/p>\n<div class=\"separator\" style=\"clear: both; text-align: center;\"><a style=\"margin-left: 1em; margin-right: 1em;\" href=\"https:\/\/lh5.googleusercontent.com\/-daTQ5Uvsd5w\/TXZ2uagVDkI\/AAAAAAAAAIE\/Djtm1k1r424\/s1600\/P1000986.png\"><img decoding=\"async\" loading=\"lazy\" src=\"http:\/\/lh5.googleusercontent.com\/-daTQ5Uvsd5w\/TXZ2uagVDkI\/AAAAAAAAAIE\/Djtm1k1r424\/s400\/P1000986.png\" alt=\"\" width=\"298\" height=\"400\" border=\"0\" \/><\/a><\/div>\n<p>&nbsp;<\/p>\n<p>&nbsp;<\/p>\n","protected":false},"excerpt":{"rendered":"<p>Con la presentaci\u00f3n de Wilfredo Rinc\u00f3n, Jos\u00e9 Ignacio G\u00f3mez Zorraquino present\u00f3 su obra El linaje de los P\u00e9rez de Nueros: entre la clientela del Rey y el patronazgo local (siglos XVI-XVIII) que hace el n\u00famero 108 en el cat\u00e1logo de &hellip; <a href=\"https:\/\/cebilbilitanos.com\/?p=23\">Sigue leyendo <span class=\"meta-nav\">&rarr;<\/span><\/a><\/p>\n","protected":false},"author":1,"featured_media":0,"comment_status":"open","ping_status":"open","sticky":false,"template":"","format":"standard","meta":[],"categories":[23],"tags":[6,12,17,10,11],"_links":{"self":[{"href":"https:\/\/cebilbilitanos.com\/index.php?rest_route=\/wp\/v2\/posts\/23"}],"collection":[{"href":"https:\/\/cebilbilitanos.com\/index.php?rest_route=\/wp\/v2\/posts"}],"about":[{"href":"https:\/\/cebilbilitanos.com\/index.php?rest_route=\/wp\/v2\/types\/post"}],"author":[{"embeddable":true,"href":"https:\/\/cebilbilitanos.com\/index.php?rest_route=\/wp\/v2\/users\/1"}],"replies":[{"embeddable":true,"href":"https:\/\/cebilbilitanos.com\/index.php?rest_route=%2Fwp%2Fv2%2Fcomments&post=23"}],"version-history":[{"count":2,"href":"https:\/\/cebilbilitanos.com\/index.php?rest_route=\/wp\/v2\/posts\/23\/revisions"}],"predecessor-version":[{"id":25,"href":"https:\/\/cebilbilitanos.com\/index.php?rest_route=\/wp\/v2\/posts\/23\/revisions\/25"}],"wp:attachment":[{"href":"https:\/\/cebilbilitanos.com\/index.php?rest_route=%2Fwp%2Fv2%2Fmedia&parent=23"}],"wp:term":[{"taxonomy":"category","embeddable":true,"href":"https:\/\/cebilbilitanos.com\/index.php?rest_route=%2Fwp%2Fv2%2Fcategories&post=23"},{"taxonomy":"post_tag","embeddable":true,"href":"https:\/\/cebilbilitanos.com\/index.php?rest_route=%2Fwp%2Fv2%2Ftags&post=23"}],"curies":[{"name":"wp","href":"https:\/\/api.w.org\/{rel}","templated":true}]}}