{"id":2296,"date":"2018-11-22T22:01:42","date_gmt":"2018-11-22T22:01:42","guid":{"rendered":"http:\/\/cebilbilitanos.com\/?p=2296"},"modified":"2018-11-22T22:01:42","modified_gmt":"2018-11-22T22:01:42","slug":"vii-premio-internacional-de-poesia-jose-veron-gormaz","status":"publish","type":"post","link":"https:\/\/cebilbilitanos.com\/?p=2296","title":{"rendered":"VII Premio Internacional de Poes\u00eda Jos\u00e9 Ver\u00f3n Gormaz"},"content":{"rendered":"<p>El pr\u00f3ximo jueves, 29 de noviembre, a las 19 horas, en el sal\u00f3n de actos de la UNED, tendr\u00e1 lugar el acto de entrega del premio y presentaci\u00f3n de la publicaci\u00f3n ganadora del VII Premio Internacional de Poes\u00eda \u201c<em>Jos\u00e9 Ver\u00f3n Gormaz<\/em>\u201d titulada, <em>La Soledad Inexplicable<\/em>. Su autor, El\u00edas Marchite Lorente, nacido en Navarra, cuenta ya con varios premios en su haber y sus poemas aparecen en numerosas publicaciones. Este es su tercer poemario.<\/p>\n<p><img decoding=\"async\" loading=\"lazy\" class=\"aligncenter size-full wp-image-2297\" src=\"http:\/\/cebilbilitanos.com\/wp-content\/uploads\/2018\/11\/VII-Premio-Internacional-de-Poes\u00eda-Jos\u00e9-Ver\u00f3n-Gormaz.jpg\" alt=\"\" width=\"4961\" height=\"7017\" srcset=\"https:\/\/cebilbilitanos.com\/wp-content\/uploads\/2018\/11\/VII-Premio-Internacional-de-Poes\u00eda-Jos\u00e9-Ver\u00f3n-Gormaz.jpg 4961w, https:\/\/cebilbilitanos.com\/wp-content\/uploads\/2018\/11\/VII-Premio-Internacional-de-Poes\u00eda-Jos\u00e9-Ver\u00f3n-Gormaz-212x300.jpg 212w, https:\/\/cebilbilitanos.com\/wp-content\/uploads\/2018\/11\/VII-Premio-Internacional-de-Poes\u00eda-Jos\u00e9-Ver\u00f3n-Gormaz-768x1086.jpg 768w, https:\/\/cebilbilitanos.com\/wp-content\/uploads\/2018\/11\/VII-Premio-Internacional-de-Poes\u00eda-Jos\u00e9-Ver\u00f3n-Gormaz-724x1024.jpg 724w\" sizes=\"(max-width: 4961px) 100vw, 4961px\" \/><\/p>\n<p><em>La Soledad Inexplicable<\/em> es un libro de amplia variedad tem\u00e1tica, cuajado de humanismo totalmente inscrito en nuestra \u00e9poca que, a trav\u00e9s del ritmo y la sintaxis, construye un lenguaje po\u00e9tico de gran precisi\u00f3n y originalidad.<\/p>\n<p>El certamen, de periodicidad bienal, est\u00e1 organizado por el Ayuntamiento de Calatayud y cuenta con la colaboraci\u00f3n de la UNED, del Centro de Estudios Bilbilitanos y de la Diputaci\u00f3n Provincial de Zaragoza.<\/p>\n","protected":false},"excerpt":{"rendered":"<p>El pr\u00f3ximo jueves, 29 de noviembre, a las 19 horas, en el sal\u00f3n de actos de la UNED, tendr\u00e1 lugar el acto de entrega del premio y presentaci\u00f3n de la publicaci\u00f3n ganadora del VII Premio Internacional de Poes\u00eda \u201cJos\u00e9 Ver\u00f3n &hellip; <a href=\"https:\/\/cebilbilitanos.com\/?p=2296\">Sigue leyendo <span class=\"meta-nav\">&rarr;<\/span><\/a><\/p>\n","protected":false},"author":1,"featured_media":0,"comment_status":"open","ping_status":"open","sticky":false,"template":"","format":"standard","meta":[],"categories":[23],"tags":[],"_links":{"self":[{"href":"https:\/\/cebilbilitanos.com\/index.php?rest_route=\/wp\/v2\/posts\/2296"}],"collection":[{"href":"https:\/\/cebilbilitanos.com\/index.php?rest_route=\/wp\/v2\/posts"}],"about":[{"href":"https:\/\/cebilbilitanos.com\/index.php?rest_route=\/wp\/v2\/types\/post"}],"author":[{"embeddable":true,"href":"https:\/\/cebilbilitanos.com\/index.php?rest_route=\/wp\/v2\/users\/1"}],"replies":[{"embeddable":true,"href":"https:\/\/cebilbilitanos.com\/index.php?rest_route=%2Fwp%2Fv2%2Fcomments&post=2296"}],"version-history":[{"count":1,"href":"https:\/\/cebilbilitanos.com\/index.php?rest_route=\/wp\/v2\/posts\/2296\/revisions"}],"predecessor-version":[{"id":2298,"href":"https:\/\/cebilbilitanos.com\/index.php?rest_route=\/wp\/v2\/posts\/2296\/revisions\/2298"}],"wp:attachment":[{"href":"https:\/\/cebilbilitanos.com\/index.php?rest_route=%2Fwp%2Fv2%2Fmedia&parent=2296"}],"wp:term":[{"taxonomy":"category","embeddable":true,"href":"https:\/\/cebilbilitanos.com\/index.php?rest_route=%2Fwp%2Fv2%2Fcategories&post=2296"},{"taxonomy":"post_tag","embeddable":true,"href":"https:\/\/cebilbilitanos.com\/index.php?rest_route=%2Fwp%2Fv2%2Ftags&post=2296"}],"curies":[{"name":"wp","href":"https:\/\/api.w.org\/{rel}","templated":true}]}}