{"id":2286,"date":"2018-11-15T21:02:17","date_gmt":"2018-11-15T21:02:17","guid":{"rendered":"http:\/\/cebilbilitanos.com\/?p=2286"},"modified":"2018-11-18T17:32:09","modified_gmt":"2018-11-18T17:32:09","slug":"inauguracion-de-la-exposicion","status":"publish","type":"post","link":"https:\/\/cebilbilitanos.com\/?p=2286","title":{"rendered":"Inauguraci\u00f3n de la exposici\u00f3n Cr\u00f3nicas del tiempo"},"content":{"rendered":"<p><img decoding=\"async\" loading=\"lazy\" class=\"aligncenter size-full wp-image-2287\" src=\"http:\/\/cebilbilitanos.com\/wp-content\/uploads\/2018\/11\/Presentaci\u00f3n-exposici\u00f3n.jpg\" alt=\"\" width=\"1200\" height=\"900\" srcset=\"https:\/\/cebilbilitanos.com\/wp-content\/uploads\/2018\/11\/Presentaci\u00f3n-exposici\u00f3n.jpg 1200w, https:\/\/cebilbilitanos.com\/wp-content\/uploads\/2018\/11\/Presentaci\u00f3n-exposici\u00f3n-300x225.jpg 300w, https:\/\/cebilbilitanos.com\/wp-content\/uploads\/2018\/11\/Presentaci\u00f3n-exposici\u00f3n-768x576.jpg 768w, https:\/\/cebilbilitanos.com\/wp-content\/uploads\/2018\/11\/Presentaci\u00f3n-exposici\u00f3n-1024x768.jpg 1024w\" sizes=\"(max-width: 1200px) 100vw, 1200px\" \/><\/p>\n<p>El s\u00e1bado 10 de noviembre se inaugur\u00f3 la exposici\u00f3n <strong><em>Cr\u00f3nica del tiempo en la Comunidad de Calatayud<\/em><\/strong>, que permanecer\u00e1 abierta hasta el 17 de noviembre en el Aula Cultural San Benito de Calatayud.<\/p>\n<p><a href=\"http:\/\/cebilbilitanos.com\/?page_id=2247\">La exposici\u00f3n virtual puede visitarse en nuestra Web<\/a>.<\/p>\n<div id='gallery-1' class='gallery galleryid-2286 gallery-columns-4 gallery-size-thumbnail'><dl class='gallery-item'>\n\t\t\t<dt class='gallery-icon landscape'>\n\t\t\t\t<a href='https:\/\/cebilbilitanos.com\/?attachment_id=2291'><img width=\"150\" height=\"150\" src=\"https:\/\/cebilbilitanos.com\/wp-content\/uploads\/2018\/11\/IMG_20181110_121731-150x150.jpg\" class=\"attachment-thumbnail size-thumbnail\" alt=\"\" decoding=\"async\" loading=\"lazy\" \/><\/a>\n\t\t\t<\/dt><\/dl><dl class='gallery-item'>\n\t\t\t<dt class='gallery-icon landscape'>\n\t\t\t\t<a href='https:\/\/cebilbilitanos.com\/?attachment_id=2292'><img width=\"150\" height=\"150\" src=\"https:\/\/cebilbilitanos.com\/wp-content\/uploads\/2018\/11\/IMG_20181110_122133-150x150.jpg\" class=\"attachment-thumbnail size-thumbnail\" alt=\"\" decoding=\"async\" loading=\"lazy\" \/><\/a>\n\t\t\t<\/dt><\/dl><dl class='gallery-item'>\n\t\t\t<dt class='gallery-icon landscape'>\n\t\t\t\t<a href='https:\/\/cebilbilitanos.com\/?attachment_id=2293'><img width=\"150\" height=\"150\" src=\"https:\/\/cebilbilitanos.com\/wp-content\/uploads\/2018\/11\/IMG_20181110_122152-150x150.jpg\" class=\"attachment-thumbnail size-thumbnail\" alt=\"\" decoding=\"async\" loading=\"lazy\" \/><\/a>\n\t\t\t<\/dt><\/dl><dl class='gallery-item'>\n\t\t\t<dt class='gallery-icon landscape'>\n\t\t\t\t<a href='https:\/\/cebilbilitanos.com\/?attachment_id=2294'><img width=\"150\" height=\"150\" src=\"https:\/\/cebilbilitanos.com\/wp-content\/uploads\/2018\/11\/IMG_20181110_122917-150x150.jpg\" class=\"attachment-thumbnail size-thumbnail\" alt=\"\" decoding=\"async\" loading=\"lazy\" \/><\/a>\n\t\t\t<\/dt><\/dl><br style=\"clear: both\" \/>\n\t\t<\/div>\n\n","protected":false},"excerpt":{"rendered":"<p>El s\u00e1bado 10 de noviembre se inaugur\u00f3 la exposici\u00f3n Cr\u00f3nica del tiempo en la Comunidad de Calatayud, que permanecer\u00e1 abierta hasta el 17 de noviembre en el Aula Cultural San Benito de Calatayud. La exposici\u00f3n virtual puede visitarse en nuestra &hellip; <a href=\"https:\/\/cebilbilitanos.com\/?p=2286\">Sigue leyendo <span class=\"meta-nav\">&rarr;<\/span><\/a><\/p>\n","protected":false},"author":1,"featured_media":0,"comment_status":"open","ping_status":"open","sticky":false,"template":"","format":"standard","meta":[],"categories":[23],"tags":[],"_links":{"self":[{"href":"https:\/\/cebilbilitanos.com\/index.php?rest_route=\/wp\/v2\/posts\/2286"}],"collection":[{"href":"https:\/\/cebilbilitanos.com\/index.php?rest_route=\/wp\/v2\/posts"}],"about":[{"href":"https:\/\/cebilbilitanos.com\/index.php?rest_route=\/wp\/v2\/types\/post"}],"author":[{"embeddable":true,"href":"https:\/\/cebilbilitanos.com\/index.php?rest_route=\/wp\/v2\/users\/1"}],"replies":[{"embeddable":true,"href":"https:\/\/cebilbilitanos.com\/index.php?rest_route=%2Fwp%2Fv2%2Fcomments&post=2286"}],"version-history":[{"count":4,"href":"https:\/\/cebilbilitanos.com\/index.php?rest_route=\/wp\/v2\/posts\/2286\/revisions"}],"predecessor-version":[{"id":2295,"href":"https:\/\/cebilbilitanos.com\/index.php?rest_route=\/wp\/v2\/posts\/2286\/revisions\/2295"}],"wp:attachment":[{"href":"https:\/\/cebilbilitanos.com\/index.php?rest_route=%2Fwp%2Fv2%2Fmedia&parent=2286"}],"wp:term":[{"taxonomy":"category","embeddable":true,"href":"https:\/\/cebilbilitanos.com\/index.php?rest_route=%2Fwp%2Fv2%2Fcategories&post=2286"},{"taxonomy":"post_tag","embeddable":true,"href":"https:\/\/cebilbilitanos.com\/index.php?rest_route=%2Fwp%2Fv2%2Ftags&post=2286"}],"curies":[{"name":"wp","href":"https:\/\/api.w.org\/{rel}","templated":true}]}}