{"id":2250,"date":"2018-11-05T11:47:14","date_gmt":"2018-11-05T11:47:14","guid":{"rendered":"http:\/\/cebilbilitanos.com\/?p=2250"},"modified":"2018-11-05T11:47:42","modified_gmt":"2018-11-05T11:47:42","slug":"2250","status":"publish","type":"post","link":"https:\/\/cebilbilitanos.com\/?p=2250","title":{"rendered":"Exposici\u00f3n \u00abCr\u00f3nica del tiempo\u00bb"},"content":{"rendered":"<p style=\"font-weight: 400;\">El pr\u00f3ximo s\u00e1bado, 10 de noviembre, a las 11 horas, en el Aula Cultural San Benito se inaugurar\u00e1 una exposici\u00f3n sobre el patrimonio olvidado y en peligro de la comarca, organizada por la Comunidad de Calatayud y el CEB, con la colaboraci\u00f3n del Ayuntamiento de Calatayud.<\/p>\n<p><img decoding=\"async\" loading=\"lazy\" class=\"aligncenter size-full wp-image-2251\" src=\"http:\/\/cebilbilitanos.com\/wp-content\/uploads\/2018\/11\/cartel-EXPOSICI\u00d3N.jpg\" alt=\"\" width=\"800\" height=\"1131\" srcset=\"https:\/\/cebilbilitanos.com\/wp-content\/uploads\/2018\/11\/cartel-EXPOSICI\u00d3N.jpg 800w, https:\/\/cebilbilitanos.com\/wp-content\/uploads\/2018\/11\/cartel-EXPOSICI\u00d3N-212x300.jpg 212w, https:\/\/cebilbilitanos.com\/wp-content\/uploads\/2018\/11\/cartel-EXPOSICI\u00d3N-768x1086.jpg 768w, https:\/\/cebilbilitanos.com\/wp-content\/uploads\/2018\/11\/cartel-EXPOSICI\u00d3N-724x1024.jpg 724w\" sizes=\"(max-width: 800px) 100vw, 800px\" \/><\/p>\n<p style=\"font-weight: 400;\">La exposici\u00f3n consta de veinte paneles que sintetizan aspectos menos conocidos del legado material e inmaterial existente en la comarca. Con un car\u00e1cter divulgativo e introductorio, su prop\u00f3sito es dar a conocer un patrimonio en riesgo de desaparici\u00f3n.<\/p>\n<p style=\"font-weight: 400;\">De lunes a viernes: de 18 a 20 horas.<\/p>\n<p style=\"font-weight: 400;\">S\u00e1bados y domingos: de 11 a 14 horas.<\/p>\n","protected":false},"excerpt":{"rendered":"<p>El pr\u00f3ximo s\u00e1bado, 10 de noviembre, a las 11 horas, en el Aula Cultural San Benito se inaugurar\u00e1 una exposici\u00f3n sobre el patrimonio olvidado y en peligro de la comarca, organizada por la Comunidad de Calatayud y el CEB, con &hellip; <a href=\"https:\/\/cebilbilitanos.com\/?p=2250\">Sigue leyendo <span class=\"meta-nav\">&rarr;<\/span><\/a><\/p>\n","protected":false},"author":1,"featured_media":0,"comment_status":"open","ping_status":"open","sticky":false,"template":"","format":"standard","meta":[],"categories":[23],"tags":[36,52],"_links":{"self":[{"href":"https:\/\/cebilbilitanos.com\/index.php?rest_route=\/wp\/v2\/posts\/2250"}],"collection":[{"href":"https:\/\/cebilbilitanos.com\/index.php?rest_route=\/wp\/v2\/posts"}],"about":[{"href":"https:\/\/cebilbilitanos.com\/index.php?rest_route=\/wp\/v2\/types\/post"}],"author":[{"embeddable":true,"href":"https:\/\/cebilbilitanos.com\/index.php?rest_route=\/wp\/v2\/users\/1"}],"replies":[{"embeddable":true,"href":"https:\/\/cebilbilitanos.com\/index.php?rest_route=%2Fwp%2Fv2%2Fcomments&post=2250"}],"version-history":[{"count":2,"href":"https:\/\/cebilbilitanos.com\/index.php?rest_route=\/wp\/v2\/posts\/2250\/revisions"}],"predecessor-version":[{"id":2253,"href":"https:\/\/cebilbilitanos.com\/index.php?rest_route=\/wp\/v2\/posts\/2250\/revisions\/2253"}],"wp:attachment":[{"href":"https:\/\/cebilbilitanos.com\/index.php?rest_route=%2Fwp%2Fv2%2Fmedia&parent=2250"}],"wp:term":[{"taxonomy":"category","embeddable":true,"href":"https:\/\/cebilbilitanos.com\/index.php?rest_route=%2Fwp%2Fv2%2Fcategories&post=2250"},{"taxonomy":"post_tag","embeddable":true,"href":"https:\/\/cebilbilitanos.com\/index.php?rest_route=%2Fwp%2Fv2%2Ftags&post=2250"}],"curies":[{"name":"wp","href":"https:\/\/api.w.org\/{rel}","templated":true}]}}