{"id":2244,"date":"2018-10-24T14:19:49","date_gmt":"2018-10-24T14:19:49","guid":{"rendered":"http:\/\/cebilbilitanos.com\/?p=2244"},"modified":"2018-10-24T14:19:49","modified_gmt":"2018-10-24T14:19:49","slug":"presentacion-de-la-revista-cuarta-provincia","status":"publish","type":"post","link":"https:\/\/cebilbilitanos.com\/?p=2244","title":{"rendered":"Presentaci\u00f3n de la revista Cuarta Provincia"},"content":{"rendered":"<p>Presentaci\u00f3n de la revista <em>Cuarta Provincia<\/em><\/p>\n<p>&nbsp;<\/p>\n<p>El martes, 6 de noviembre, a las 19:30 horas, se presentar\u00e1 el primer n\u00famero de la revista cient\u00edfica del Centro de Estudios Bilbilitanos <em>Cuarta Provincia<\/em>, publicada con la colaboraci\u00f3n del ayuntamiento de Calatayud y la comarca Comunidad de Calatayud.<\/p>\n<p><img decoding=\"async\" loading=\"lazy\" class=\"aligncenter size-full wp-image-2245\" src=\"http:\/\/cebilbilitanos.com\/wp-content\/uploads\/2018\/10\/Cartel-de-revista.jpg\" alt=\"\" width=\"1200\" height=\"1697\" srcset=\"https:\/\/cebilbilitanos.com\/wp-content\/uploads\/2018\/10\/Cartel-de-revista.jpg 1200w, https:\/\/cebilbilitanos.com\/wp-content\/uploads\/2018\/10\/Cartel-de-revista-212x300.jpg 212w, https:\/\/cebilbilitanos.com\/wp-content\/uploads\/2018\/10\/Cartel-de-revista-768x1086.jpg 768w, https:\/\/cebilbilitanos.com\/wp-content\/uploads\/2018\/10\/Cartel-de-revista-724x1024.jpg 724w\" sizes=\"(max-width: 1200px) 100vw, 1200px\" \/><\/p>\n<p>Esta revista de periodicidad anual se presenta como un espacio cient\u00edfico y divulgativo a disposici\u00f3n de los investigadores de temas comarcales, incluyendo en su \u00e1mbito los grandes apartados que han caracterizado las publicaciones del CEB en sus \u00faltimos a\u00f1os: arqueolog\u00eda y antig\u00fcedad, historia, arte, ciencias de la Tierra y etnograf\u00eda, enmarcados siempre en la investigaci\u00f3n, defensa y difusi\u00f3n del patrimonio comarcal.<\/p>\n<p>Queremos que sirva como soporte difusor anual de los numerosos estudiosos de la comarca para que se convierta a partir de ahora en un referente de la investigaci\u00f3n cient\u00edfica en los campos se\u00f1alados.<\/p>\n<p>El lugar de la presentaci\u00f3n ser\u00e1 la sala multiusos de la comarca Comunicad de Calatayud.<\/p>\n<p>&nbsp;<\/p>\n","protected":false},"excerpt":{"rendered":"<p>Presentaci\u00f3n de la revista Cuarta Provincia &nbsp; El martes, 6 de noviembre, a las 19:30 horas, se presentar\u00e1 el primer n\u00famero de la revista cient\u00edfica del Centro de Estudios Bilbilitanos Cuarta Provincia, publicada con la colaboraci\u00f3n del ayuntamiento de Calatayud &hellip; <a href=\"https:\/\/cebilbilitanos.com\/?p=2244\">Sigue leyendo <span class=\"meta-nav\">&rarr;<\/span><\/a><\/p>\n","protected":false},"author":1,"featured_media":0,"comment_status":"open","ping_status":"open","sticky":false,"template":"","format":"standard","meta":[],"categories":[23,30],"tags":[6,10,11,51],"_links":{"self":[{"href":"https:\/\/cebilbilitanos.com\/index.php?rest_route=\/wp\/v2\/posts\/2244"}],"collection":[{"href":"https:\/\/cebilbilitanos.com\/index.php?rest_route=\/wp\/v2\/posts"}],"about":[{"href":"https:\/\/cebilbilitanos.com\/index.php?rest_route=\/wp\/v2\/types\/post"}],"author":[{"embeddable":true,"href":"https:\/\/cebilbilitanos.com\/index.php?rest_route=\/wp\/v2\/users\/1"}],"replies":[{"embeddable":true,"href":"https:\/\/cebilbilitanos.com\/index.php?rest_route=%2Fwp%2Fv2%2Fcomments&post=2244"}],"version-history":[{"count":1,"href":"https:\/\/cebilbilitanos.com\/index.php?rest_route=\/wp\/v2\/posts\/2244\/revisions"}],"predecessor-version":[{"id":2246,"href":"https:\/\/cebilbilitanos.com\/index.php?rest_route=\/wp\/v2\/posts\/2244\/revisions\/2246"}],"wp:attachment":[{"href":"https:\/\/cebilbilitanos.com\/index.php?rest_route=%2Fwp%2Fv2%2Fmedia&parent=2244"}],"wp:term":[{"taxonomy":"category","embeddable":true,"href":"https:\/\/cebilbilitanos.com\/index.php?rest_route=%2Fwp%2Fv2%2Fcategories&post=2244"},{"taxonomy":"post_tag","embeddable":true,"href":"https:\/\/cebilbilitanos.com\/index.php?rest_route=%2Fwp%2Fv2%2Ftags&post=2244"}],"curies":[{"name":"wp","href":"https:\/\/api.w.org\/{rel}","templated":true}]}}