{"id":2229,"date":"2018-10-09T06:02:02","date_gmt":"2018-10-09T06:02:02","guid":{"rendered":"http:\/\/cebilbilitanos.com\/?p=2229"},"modified":"2018-10-09T06:02:02","modified_gmt":"2018-10-09T06:02:02","slug":"el-final-de-las-comunidades-historicas-aragonesas","status":"publish","type":"post","link":"https:\/\/cebilbilitanos.com\/?p=2229","title":{"rendered":"EL FINAL DE LAS COMUNIDADES HIST\u00d3RICAS ARAGONESAS"},"content":{"rendered":"<p>PRESENTACI\u00d3N DEL LIBRO<\/p>\n<p><em>EL FINAL DE LAS COMUNIDADES HIST\u00d3RICAS ARAGONESAS<\/em><\/p>\n<p>Francisco Tobajas Gallego<\/p>\n<p>El 4 de octubre de 2018 tuvo lugar la presentaci\u00f3n del libro de Pascual Diarte, titulado <em>El final de las Comunidades hist\u00f3ricas aragonesas<\/em>, en la que participaron la Comarca Comunidad de Calatayud y el Centro de Estudios Bilbilitanos. El acto se llev\u00f3 a cabo en el Sal\u00f3n de Actos de la Comarca Comunidad de Calatayud, el mismo edifico que ocup\u00f3 la hist\u00f3rica Comunidad de Calatayud hasta su desaparici\u00f3n en 1850. Acompa\u00f1aron al autor el presidente de la Comarca de Calatayud, Ram\u00f3n Duce, y el presidente del CEB, Jos\u00e9 \u00c1ngel Urzay, que consider\u00f3 este libro como necesario e imprescindible.<\/p>\n<p><img decoding=\"async\" loading=\"lazy\" class=\"aligncenter size-full wp-image-2230\" src=\"http:\/\/cebilbilitanos.com\/wp-content\/uploads\/2018\/10\/DSC03084.jpg\" alt=\"\" width=\"1200\" height=\"900\" srcset=\"https:\/\/cebilbilitanos.com\/wp-content\/uploads\/2018\/10\/DSC03084.jpg 1200w, https:\/\/cebilbilitanos.com\/wp-content\/uploads\/2018\/10\/DSC03084-300x225.jpg 300w, https:\/\/cebilbilitanos.com\/wp-content\/uploads\/2018\/10\/DSC03084-768x576.jpg 768w, https:\/\/cebilbilitanos.com\/wp-content\/uploads\/2018\/10\/DSC03084-1024x768.jpg 1024w\" sizes=\"(max-width: 1200px) 100vw, 1200px\" \/><\/p>\n<p>Pascual Diarte se\u00f1al\u00f3 que tanto su tesis doctoral como su primer libro estaban dedicados a la Comunidad de Daroca. A ra\u00edz del hallazgo de un expediente de las Juntas de las Comunidades de Calatayud y Daroca en el archivo de la Diputaci\u00f3n Provincial y de una valiosa documentaci\u00f3n, que recog\u00eda la \u00faltima etapa de la Comunidad de Calatayud, desde 1836 a 1850, que hab\u00eda encontrado en el Archivo Municipal de Calatayud en julio de 2011, el autor se anim\u00f3 a completar sus otros trabajos, prestando especial inter\u00e9s en la Comunidad de Calatayud.<\/p>\n<p>El autor confes\u00f3 que al escribir este libro, un ensayo hist\u00f3rico con tratamiento did\u00e1ctico, hab\u00eda tenido presente a todos los posibles lectores. La base principal de este libro es la evoluci\u00f3n del proceso de liquidaci\u00f3n econ\u00f3mica e institucional de la Comunidad de Calatayud. El autor se\u00f1al\u00f3 que las Comunidades hist\u00f3ricas aragonesas, unas instituciones peculiares y poco conocidas, hab\u00edan nacido como reacci\u00f3n a la dependencia de la ciudad que las gobernaba. Las Comunidades gozaron de autogobierno, autofinanciaci\u00f3n, de s\u00edmbolos corporativos, escudos y de jurisdicci\u00f3n propia, que recog\u00edan en ordinaciones u ordenanzas. Las Comunidades ocuparon territorios de frontera, inicialmente con los musulmanes y luego con Castilla. A la Comunidad de Calatayud pertenec\u00edan cincuenta pueblos o lugares, que estaban divididos en seis sesmas o r\u00edos. Tambi\u00e9n era due\u00f1a de las Se\u00f1or\u00edas de Terrer y de Savi\u00f1\u00e1n, que eran el principal sustento de la Comunidad.<\/p>\n<p>Ya en el siglo XIX los liberales pidieron la desaparici\u00f3n de estas hist\u00f3ricas comunidades, porque las consideraban vasall\u00e1ticas. Desconoc\u00edan su labor y no entend\u00edan su mantenimiento en aquella \u00e9poca de libertades. Ya entonces la Comunidades aragonesas se encontraban muy endeudadas, debido principalmente a las exigencias pecuniarias de la corona, cada vez mayores. Las Comunidades pagaban estos tributos con sus rentas propias y con repartos entre los pueblos que las compon\u00edan. Con el tiempo los gastos fueron en aumento, frente a unas rentas propias muy menguadas.<\/p>\n<p>El d\u00eda 7 de julio de 1850 tendr\u00eda lugar la \u00faltima reuni\u00f3n de la Junta Liquidadora de la Comunidad de Calatayud, en la que fueron llamados todos los acreedores censalistas, para elegir a cinco miembros que deb\u00edan repartir los \u00faltimos bienes que quedaban. La Comunidad de Calatayud desapareci\u00f3 en 1850, siendo adjudicada a su mayor acreedor, el conde de Argillo.<\/p>\n","protected":false},"excerpt":{"rendered":"<p>PRESENTACI\u00d3N DEL LIBRO EL FINAL DE LAS COMUNIDADES HIST\u00d3RICAS ARAGONESAS Francisco Tobajas Gallego El 4 de octubre de 2018 tuvo lugar la presentaci\u00f3n del libro de Pascual Diarte, titulado El final de las Comunidades hist\u00f3ricas aragonesas, en la que participaron &hellip; <a href=\"https:\/\/cebilbilitanos.com\/?p=2229\">Sigue leyendo <span class=\"meta-nav\">&rarr;<\/span><\/a><\/p>\n","protected":false},"author":1,"featured_media":0,"comment_status":"open","ping_status":"open","sticky":false,"template":"","format":"standard","meta":[],"categories":[23],"tags":[10,11],"_links":{"self":[{"href":"https:\/\/cebilbilitanos.com\/index.php?rest_route=\/wp\/v2\/posts\/2229"}],"collection":[{"href":"https:\/\/cebilbilitanos.com\/index.php?rest_route=\/wp\/v2\/posts"}],"about":[{"href":"https:\/\/cebilbilitanos.com\/index.php?rest_route=\/wp\/v2\/types\/post"}],"author":[{"embeddable":true,"href":"https:\/\/cebilbilitanos.com\/index.php?rest_route=\/wp\/v2\/users\/1"}],"replies":[{"embeddable":true,"href":"https:\/\/cebilbilitanos.com\/index.php?rest_route=%2Fwp%2Fv2%2Fcomments&post=2229"}],"version-history":[{"count":1,"href":"https:\/\/cebilbilitanos.com\/index.php?rest_route=\/wp\/v2\/posts\/2229\/revisions"}],"predecessor-version":[{"id":2231,"href":"https:\/\/cebilbilitanos.com\/index.php?rest_route=\/wp\/v2\/posts\/2229\/revisions\/2231"}],"wp:attachment":[{"href":"https:\/\/cebilbilitanos.com\/index.php?rest_route=%2Fwp%2Fv2%2Fmedia&parent=2229"}],"wp:term":[{"taxonomy":"category","embeddable":true,"href":"https:\/\/cebilbilitanos.com\/index.php?rest_route=%2Fwp%2Fv2%2Fcategories&post=2229"},{"taxonomy":"post_tag","embeddable":true,"href":"https:\/\/cebilbilitanos.com\/index.php?rest_route=%2Fwp%2Fv2%2Ftags&post=2229"}],"curies":[{"name":"wp","href":"https:\/\/api.w.org\/{rel}","templated":true}]}}