{"id":2147,"date":"2018-07-05T07:12:35","date_gmt":"2018-07-05T07:12:35","guid":{"rendered":"http:\/\/cebilbilitanos.com\/?p=2147"},"modified":"2018-07-05T07:12:35","modified_gmt":"2018-07-05T07:12:35","slug":"nuevos-consejeros","status":"publish","type":"post","link":"https:\/\/cebilbilitanos.com\/?p=2147","title":{"rendered":"Nuevos consejeros"},"content":{"rendered":"<p>La asamblea general del Centro de Estudios Bilbilitanos nombr\u00f3 14 nuevos consejeros:<\/p>\n<p><strong>&#8211; Jos\u00e9 Antonio Garrido Miguel<\/strong><\/p>\n<ul>\n<li>Licenciado en Historia.<\/li>\n<li>Investigador de la sociedad bilbilitana del siglo XX.<\/li>\n<li>Colaborador habitual del CEB, ha presentado comunicaciones en los dos \u00faltimos Encuentros de Estudios Bilbilitanos.<\/li>\n<\/ul>\n<p><strong>&#8211; Luis Antonio Gil Lorente<\/strong><\/p>\n<ul>\n<li>Licenciado en Historia.<\/li>\n<li>Present\u00f3 una comunicaci\u00f3n en el IX Encuentro de Estudios Bilbilitanos.<\/li>\n<li>Actualmente est\u00e1 colaborando en la elaboraci\u00f3n de la Gu\u00eda de Calatayud y, entre sus proyectos, est\u00e1 el estudio de la sociedad bilbilitana del siglo XX.<\/li>\n<\/ul>\n<p><strong>&#8211; Miguel \u00c1ngel G\u00f3mez Moreno<\/strong><\/p>\n<ul>\n<li>Fot\u00f3grafo.<\/li>\n<li>Ha colaborado en el libro <em>Asentamientos\u00a0 Hist\u00f3ricos en la Comunidad de Calatayud <\/em>y en la <em>Gu\u00eda de las mariposas en la Comunidad de Calatayud<\/em>. Entre sus proyectos se encuentra la documentaci\u00f3n del paisaje humanizado y labores agr\u00edcolas en la comarca de Calatayud, as\u00ed como el estudio de aves, reptiles, anfibios, insectos y endemismos de la zona.<\/li>\n<\/ul>\n<p><strong>&#8211; Herbert Gonz\u00e1lez Zymla<\/strong><\/p>\n<ul>\n<li>Doctor en Historia.<\/li>\n<li>Organizador del 800 aniversario del Monasterio de Piedra, tiene varias publicaciones sobre esta instituci\u00f3n. Colaborador habitual del CEB, \u00a0ha presentado varias comunicaciones \u00a0en el IX Encuentro de Estudios Bilbilitanos.<\/li>\n<\/ul>\n<p><strong>&#8211; Berta Hern\u00e1ndez S\u00e1nchez<\/strong><\/p>\n<ul>\n<li>Especialista en contrataci\u00f3n de artes esc\u00e9nicas.<\/li>\n<li>Ha aportado al CEB el archivo familiar, tanto fotogr\u00e1fico como documental, de la familia S\u00e1nchez.<\/li>\n<li>Ha presentado un art\u00edculo para la revista <em>Cuarta Provincia<\/em> del CEB.<\/li>\n<li>Est\u00e1 colaborando en la Gu\u00eda de Calatayud.<\/li>\n<li>Entre sus proyectos, est\u00e1 la investigaci\u00f3n de \u00a0la arqueolog\u00eda industrial en la comarca de Calatayud.<\/li>\n<\/ul>\n<p>&nbsp;<\/p>\n<p><strong>&#8211; Jos\u00e9 Juan Hernando Alca\u00edn<\/strong><\/p>\n<ul>\n<li>Colaborador habitual del CEB.<\/li>\n<li>Present\u00f3 una comunicaci\u00f3n en el IX Encuentro de Estudios Bilbilitanos.<\/li>\n<li>Ha escrito un art\u00edculo para la revista <em>Cuarta Provincia<\/em> del CEB.<\/li>\n<li>Su l\u00ednea de investigaci\u00f3n actual se centra en el estudio de la conducci\u00f3n de aguas, riegos y acequias de la comarca.<\/li>\n<\/ul>\n<p><strong>&#8211; Antonio Lajusticia Bueno<\/strong><\/p>\n<ul>\n<li>Fot\u00f3grafo.<br \/>\nTiene varias publicaciones de fotograf\u00edas sobre la comarca de Calatayud, entre ellas, <em>La vendimia en Mun\u00e9brega,<\/em> editada por el CEB.<\/li>\n<li>Ha colaborado en el libro <em>Asentamientos\u00a0 Hist\u00f3ricos en la Comunidad de Calatayud<\/em>.<\/li>\n<li>Entre sus proyectos se encuentra la documentaci\u00f3n del paisaje humanizado y labores agr\u00edcolas en la comarca de Calatayud.<\/li>\n<\/ul>\n<p><strong>&#8211; Gabriel Lassa Cabello<\/strong><\/p>\n<ul>\n<li>Arquitecto.<\/li>\n<li>Ha realizado varios proyectos en el casco hist\u00f3rico de Calatayud. Es el redactor\u00a0 del informe sobre Bienes de Inter\u00e9s Cultural de Calatayud y su t\u00e9rmino municipal.<\/li>\n<li>Present\u00f3 una ponencia en el 50 aniversario\u00a0 de la declaraci\u00f3n de Calatayud como Conjunto Hist\u00f3rico Art\u00edstico y un art\u00edculo para la revista <em>Cuarta Provincia<\/em> del CEB.<br \/>\nEst\u00e1 colaborando en la elaboraci\u00f3n de la Gu\u00eda de Calatayud.<\/li>\n<\/ul>\n<p><strong>&#8211; Jos\u00e9 Miguel P\u00e9rez Hern\u00e1ndez<\/strong><\/p>\n<ul>\n<li>Presidente de la Asociaci\u00f3n Cultural \u00abEL P\u00f3rtico\u00bb de Velilla de Jiloca.<\/li>\n<li>Ha realizado varias publicaciones sobre Velilla de Jiloca y es un colaborador habitual del CEB.<\/li>\n<\/ul>\n<p><strong>&#8211; Diego Prieto L\u00f3pez<\/strong><\/p>\n<ul>\n<li>Licenciado en Historia.<\/li>\n<li>Ha sido el secretario de organizaci\u00f3n del 800 aniversario del Monasterio de Piedra.<\/li>\n<li>Present\u00f3 varias comunicaciones en el IX Encuentro de Estudios Bilbilitanos y es un colaborador habitual del CEB.<\/li>\n<\/ul>\n<p><strong>&#8211; Sergio Sebasti\u00e1n Franco<\/strong><\/p>\n<ul>\n<li>Arquitecto.<br \/>\nPresent\u00f3 una ponencia en el 50 aniversario\u00a0 de la declaraci\u00f3n de Calatayud como Conjunto Hist\u00f3rico Art\u00edstico.<\/li>\n<li>Est\u00e1 colaborando en la elaboraci\u00f3n de la Gu\u00eda de Calatayud.<\/li>\n<li>Actualmente tiene otros proyectos con el CEB.<\/li>\n<\/ul>\n<p><strong>&#8211; Cristina Sebasti\u00e1n Franco<\/strong><\/p>\n<ul>\n<li>Licenciada en Historia.<\/li>\n<li>Ha presentado comunicaciones en los Encuentros de Estudios Bilbilitanos.<\/li>\n<li>Present\u00f3 una ponencia en el 50 aniversario\u00a0 de la declaraci\u00f3n de Calatayud como Conjunto Hist\u00f3rico Art\u00edstico.<\/li>\n<li>Est\u00e1 colaborando en la Gu\u00eda de Calatayud.<\/li>\n<\/ul>\n<p><strong>&#8211; Pablo Sebasti\u00e1n Franco<\/strong><\/p>\n<ul>\n<li>Aparejador.<\/li>\n<li>Present\u00f3 una ponencia en el 50 aniversario\u00a0 de la declaraci\u00f3n de Calatayud como Conjunto Hist\u00f3rico Art\u00edstico.<\/li>\n<li>Est\u00e1 colaborando en la Gu\u00eda de Calatayud.<\/li>\n<\/ul>\n<p><strong>&#8211; Miguel \u00c1ngel Sol\u00e0 Mart\u00edn<\/strong><\/p>\n<ul>\n<li>Tiene varias publicaciones sobre Malanquilla y el Ribota.<\/li>\n<li>Ha presentado comunicaciones en los Encuentros de Estudios Bilbilitanos.<\/li>\n<li>Ha escrito un art\u00edculo para la revista <em>Cuarta Provincia<\/em> del CEB.<\/li>\n<\/ul>\n","protected":false},"excerpt":{"rendered":"<p>La asamblea general del Centro de Estudios Bilbilitanos nombr\u00f3 14 nuevos consejeros: &#8211; Jos\u00e9 Antonio Garrido Miguel Licenciado en Historia. Investigador de la sociedad bilbilitana del siglo XX. Colaborador habitual del CEB, ha presentado comunicaciones en los dos \u00faltimos Encuentros &hellip; <a href=\"https:\/\/cebilbilitanos.com\/?p=2147\">Sigue leyendo <span class=\"meta-nav\">&rarr;<\/span><\/a><\/p>\n","protected":false},"author":1,"featured_media":0,"comment_status":"open","ping_status":"open","sticky":false,"template":"","format":"standard","meta":[],"categories":[23],"tags":[],"_links":{"self":[{"href":"https:\/\/cebilbilitanos.com\/index.php?rest_route=\/wp\/v2\/posts\/2147"}],"collection":[{"href":"https:\/\/cebilbilitanos.com\/index.php?rest_route=\/wp\/v2\/posts"}],"about":[{"href":"https:\/\/cebilbilitanos.com\/index.php?rest_route=\/wp\/v2\/types\/post"}],"author":[{"embeddable":true,"href":"https:\/\/cebilbilitanos.com\/index.php?rest_route=\/wp\/v2\/users\/1"}],"replies":[{"embeddable":true,"href":"https:\/\/cebilbilitanos.com\/index.php?rest_route=%2Fwp%2Fv2%2Fcomments&post=2147"}],"version-history":[{"count":1,"href":"https:\/\/cebilbilitanos.com\/index.php?rest_route=\/wp\/v2\/posts\/2147\/revisions"}],"predecessor-version":[{"id":2148,"href":"https:\/\/cebilbilitanos.com\/index.php?rest_route=\/wp\/v2\/posts\/2147\/revisions\/2148"}],"wp:attachment":[{"href":"https:\/\/cebilbilitanos.com\/index.php?rest_route=%2Fwp%2Fv2%2Fmedia&parent=2147"}],"wp:term":[{"taxonomy":"category","embeddable":true,"href":"https:\/\/cebilbilitanos.com\/index.php?rest_route=%2Fwp%2Fv2%2Fcategories&post=2147"},{"taxonomy":"post_tag","embeddable":true,"href":"https:\/\/cebilbilitanos.com\/index.php?rest_route=%2Fwp%2Fv2%2Ftags&post=2147"}],"curies":[{"name":"wp","href":"https:\/\/api.w.org\/{rel}","templated":true}]}}