{"id":2141,"date":"2018-06-25T08:06:16","date_gmt":"2018-06-25T08:06:16","guid":{"rendered":"http:\/\/cebilbilitanos.com\/?p=2141"},"modified":"2018-06-25T08:06:16","modified_gmt":"2018-06-25T08:06:16","slug":"inventario-de-las-ermitas-de-la-comunidad-de-calatayud","status":"publish","type":"post","link":"https:\/\/cebilbilitanos.com\/?p=2141","title":{"rendered":"Inventario de las ermitas de la Comunidad de Calatayud"},"content":{"rendered":"<p>Nuestros colaboradores de la Asociaci\u00f3n Torre Albarrana iniciaron hace varios meses un trabajo a largo plazo, consistente en la elaboraci\u00f3n de un inventario de las ermitas de la Comunidad de Calatayud, cuyo n\u00famero total se aproxima a las trescientas. Algunas han desaparecido y s\u00f3lo restan de ellas las referencias en viejos libros. De otras, apenas quedan vestigios. Sin embargo, todav\u00eda se mantienen en pie un gran n\u00famero de ellas, que siguen siendo punto de encuentro para las romer\u00edas y devociones populares de la comarca.<\/p>\n<p><img decoding=\"async\" loading=\"lazy\" class=\"aligncenter size-full wp-image-2142\" src=\"http:\/\/cebilbilitanos.com\/wp-content\/uploads\/2018\/06\/RomeriaGervasioProtasio_LMG6176_sm.jpg\" alt=\"\" width=\"1200\" height=\"801\" srcset=\"https:\/\/cebilbilitanos.com\/wp-content\/uploads\/2018\/06\/RomeriaGervasioProtasio_LMG6176_sm.jpg 1200w, https:\/\/cebilbilitanos.com\/wp-content\/uploads\/2018\/06\/RomeriaGervasioProtasio_LMG6176_sm-300x200.jpg 300w, https:\/\/cebilbilitanos.com\/wp-content\/uploads\/2018\/06\/RomeriaGervasioProtasio_LMG6176_sm-768x513.jpg 768w, https:\/\/cebilbilitanos.com\/wp-content\/uploads\/2018\/06\/RomeriaGervasioProtasio_LMG6176_sm-1024x684.jpg 1024w\" sizes=\"(max-width: 1200px) 100vw, 1200px\" \/><\/p>\n<p>La colaboraci\u00f3n de alcaldes, p\u00e1rrocos, cofrades y habitantes de las diferentes localidades est\u00e1 siendo imprescindible para poder acceder a los rec\u00f3nditos y, en algunos casos, casi ilocalizables lugares en donde se ubican. Por ese motivo, los miembros de la asociaci\u00f3n aprovechan las romer\u00edas para obtener la informaci\u00f3n necesaria que facilite la realizaci\u00f3n del inventario.<\/p>\n<p><img decoding=\"async\" loading=\"lazy\" class=\"aligncenter size-full wp-image-2143\" src=\"http:\/\/cebilbilitanos.com\/wp-content\/uploads\/2018\/06\/RomeriaGervasioProtasio_LMG6122_sm.jpg\" alt=\"\" width=\"1200\" height=\"800\" srcset=\"https:\/\/cebilbilitanos.com\/wp-content\/uploads\/2018\/06\/RomeriaGervasioProtasio_LMG6122_sm.jpg 1200w, https:\/\/cebilbilitanos.com\/wp-content\/uploads\/2018\/06\/RomeriaGervasioProtasio_LMG6122_sm-300x200.jpg 300w, https:\/\/cebilbilitanos.com\/wp-content\/uploads\/2018\/06\/RomeriaGervasioProtasio_LMG6122_sm-768x512.jpg 768w, https:\/\/cebilbilitanos.com\/wp-content\/uploads\/2018\/06\/RomeriaGervasioProtasio_LMG6122_sm-1024x683.jpg 1024w\" sizes=\"(max-width: 1200px) 100vw, 1200px\" \/><\/p>\n<p>Su m\u00e1s reciente recogida de datos tuvo lugar el pasado s\u00e1bado 23 de junio en Villalengua, que celebraba su fiesta patronal en honor a los santos Gervasio y Protasio. Entre los actos programados, se inclu\u00eda la romer\u00eda a la ermita de San Juan, en la vega del Manubles.<\/p>\n<p><img decoding=\"async\" loading=\"lazy\" class=\"aligncenter size-full wp-image-2144\" src=\"http:\/\/cebilbilitanos.com\/wp-content\/uploads\/2018\/06\/RomeriaGervasioProtasio_LMG6153_sm.jpg\" alt=\"\" width=\"1200\" height=\"801\" srcset=\"https:\/\/cebilbilitanos.com\/wp-content\/uploads\/2018\/06\/RomeriaGervasioProtasio_LMG6153_sm.jpg 1200w, https:\/\/cebilbilitanos.com\/wp-content\/uploads\/2018\/06\/RomeriaGervasioProtasio_LMG6153_sm-300x200.jpg 300w, https:\/\/cebilbilitanos.com\/wp-content\/uploads\/2018\/06\/RomeriaGervasioProtasio_LMG6153_sm-768x513.jpg 768w, https:\/\/cebilbilitanos.com\/wp-content\/uploads\/2018\/06\/RomeriaGervasioProtasio_LMG6153_sm-1024x684.jpg 1024w\" sizes=\"(max-width: 1200px) 100vw, 1200px\" \/><\/p>\n<p>Fotograf\u00edas: Asociaci\u00f3n Torre Albarrana<\/p>\n","protected":false},"excerpt":{"rendered":"<p>Nuestros colaboradores de la Asociaci\u00f3n Torre Albarrana iniciaron hace varios meses un trabajo a largo plazo, consistente en la elaboraci\u00f3n de un inventario de las ermitas de la Comunidad de Calatayud, cuyo n\u00famero total se aproxima a las trescientas. Algunas &hellip; <a href=\"https:\/\/cebilbilitanos.com\/?p=2141\">Sigue leyendo <span class=\"meta-nav\">&rarr;<\/span><\/a><\/p>\n","protected":false},"author":1,"featured_media":0,"comment_status":"open","ping_status":"open","sticky":false,"template":"","format":"standard","meta":[],"categories":[23],"tags":[],"_links":{"self":[{"href":"https:\/\/cebilbilitanos.com\/index.php?rest_route=\/wp\/v2\/posts\/2141"}],"collection":[{"href":"https:\/\/cebilbilitanos.com\/index.php?rest_route=\/wp\/v2\/posts"}],"about":[{"href":"https:\/\/cebilbilitanos.com\/index.php?rest_route=\/wp\/v2\/types\/post"}],"author":[{"embeddable":true,"href":"https:\/\/cebilbilitanos.com\/index.php?rest_route=\/wp\/v2\/users\/1"}],"replies":[{"embeddable":true,"href":"https:\/\/cebilbilitanos.com\/index.php?rest_route=%2Fwp%2Fv2%2Fcomments&post=2141"}],"version-history":[{"count":1,"href":"https:\/\/cebilbilitanos.com\/index.php?rest_route=\/wp\/v2\/posts\/2141\/revisions"}],"predecessor-version":[{"id":2145,"href":"https:\/\/cebilbilitanos.com\/index.php?rest_route=\/wp\/v2\/posts\/2141\/revisions\/2145"}],"wp:attachment":[{"href":"https:\/\/cebilbilitanos.com\/index.php?rest_route=%2Fwp%2Fv2%2Fmedia&parent=2141"}],"wp:term":[{"taxonomy":"category","embeddable":true,"href":"https:\/\/cebilbilitanos.com\/index.php?rest_route=%2Fwp%2Fv2%2Fcategories&post=2141"},{"taxonomy":"post_tag","embeddable":true,"href":"https:\/\/cebilbilitanos.com\/index.php?rest_route=%2Fwp%2Fv2%2Ftags&post=2141"}],"curies":[{"name":"wp","href":"https:\/\/api.w.org\/{rel}","templated":true}]}}