{"id":2122,"date":"2018-06-05T15:39:19","date_gmt":"2018-06-05T15:39:19","guid":{"rendered":"http:\/\/cebilbilitanos.com\/?p=2122"},"modified":"2018-06-05T15:39:19","modified_gmt":"2018-06-05T15:39:19","slug":"festividad-de-san-inigo-en-calatayud","status":"publish","type":"post","link":"https:\/\/cebilbilitanos.com\/?p=2122","title":{"rendered":"FESTIVIDAD DE SAN I\u00d1IGO EN CALATAYUD"},"content":{"rendered":"<p><img decoding=\"async\" loading=\"lazy\" class=\"aligncenter size-full wp-image-2123\" src=\"http:\/\/cebilbilitanos.com\/wp-content\/uploads\/2018\/06\/IMG_0059.jpg\" alt=\"\" width=\"1772\" height=\"1181\" srcset=\"https:\/\/cebilbilitanos.com\/wp-content\/uploads\/2018\/06\/IMG_0059.jpg 1772w, https:\/\/cebilbilitanos.com\/wp-content\/uploads\/2018\/06\/IMG_0059-300x200.jpg 300w, https:\/\/cebilbilitanos.com\/wp-content\/uploads\/2018\/06\/IMG_0059-768x512.jpg 768w, https:\/\/cebilbilitanos.com\/wp-content\/uploads\/2018\/06\/IMG_0059-1024x682.jpg 1024w\" sizes=\"(max-width: 1772px) 100vw, 1772px\" \/><\/p>\n<p>Los consejeros del Centro de Estudios Bilbilitanos, Manuel Casado y Jes\u00fas Macipe, contin\u00faan documentando las cofrad\u00edas de Calatayud. En esta ocasi\u00f3n, el 1 de junio, el protagonismo corresponde a la cofrad\u00eda de San I\u00f1igo, que ha sabido conservar a trav\u00e9s de los siglos la tradici\u00f3n del patrono oficial de Calatayud.<\/p>\n<p>La instant\u00e1nea de Jes\u00fas Macipe recoge el momento de la adoraci\u00f3n de la reliquia y la entrega de panecillos a los fieles en la iglesia de San Pedro de los Francos.<\/p>\n","protected":false},"excerpt":{"rendered":"<p>Los consejeros del Centro de Estudios Bilbilitanos, Manuel Casado y Jes\u00fas Macipe, contin\u00faan documentando las cofrad\u00edas de Calatayud. En esta ocasi\u00f3n, el 1 de junio, el protagonismo corresponde a la cofrad\u00eda de San I\u00f1igo, que ha sabido conservar a trav\u00e9s &hellip; <a href=\"https:\/\/cebilbilitanos.com\/?p=2122\">Sigue leyendo <span class=\"meta-nav\">&rarr;<\/span><\/a><\/p>\n","protected":false},"author":1,"featured_media":0,"comment_status":"open","ping_status":"open","sticky":false,"template":"","format":"standard","meta":[],"categories":[23],"tags":[],"_links":{"self":[{"href":"https:\/\/cebilbilitanos.com\/index.php?rest_route=\/wp\/v2\/posts\/2122"}],"collection":[{"href":"https:\/\/cebilbilitanos.com\/index.php?rest_route=\/wp\/v2\/posts"}],"about":[{"href":"https:\/\/cebilbilitanos.com\/index.php?rest_route=\/wp\/v2\/types\/post"}],"author":[{"embeddable":true,"href":"https:\/\/cebilbilitanos.com\/index.php?rest_route=\/wp\/v2\/users\/1"}],"replies":[{"embeddable":true,"href":"https:\/\/cebilbilitanos.com\/index.php?rest_route=%2Fwp%2Fv2%2Fcomments&post=2122"}],"version-history":[{"count":1,"href":"https:\/\/cebilbilitanos.com\/index.php?rest_route=\/wp\/v2\/posts\/2122\/revisions"}],"predecessor-version":[{"id":2124,"href":"https:\/\/cebilbilitanos.com\/index.php?rest_route=\/wp\/v2\/posts\/2122\/revisions\/2124"}],"wp:attachment":[{"href":"https:\/\/cebilbilitanos.com\/index.php?rest_route=%2Fwp%2Fv2%2Fmedia&parent=2122"}],"wp:term":[{"taxonomy":"category","embeddable":true,"href":"https:\/\/cebilbilitanos.com\/index.php?rest_route=%2Fwp%2Fv2%2Fcategories&post=2122"},{"taxonomy":"post_tag","embeddable":true,"href":"https:\/\/cebilbilitanos.com\/index.php?rest_route=%2Fwp%2Fv2%2Ftags&post=2122"}],"curies":[{"name":"wp","href":"https:\/\/api.w.org\/{rel}","templated":true}]}}