{"id":21,"date":"2011-03-08T09:57:45","date_gmt":"2011-03-08T09:57:45","guid":{"rendered":"http:\/\/cebilbilitanos.com\/?p=21"},"modified":"2015-09-10T17:21:11","modified_gmt":"2015-09-10T17:21:11","slug":"otros-tres-consejeros-del-ceb-en-el-callejero-bilbilitano","status":"publish","type":"post","link":"https:\/\/cebilbilitanos.com\/?p=21","title":{"rendered":"Otros tres consejeros del CEB en el callejero bilbilitano"},"content":{"rendered":"<p>El Ayuntamiento de Calatayud ha rendido homenaje a tres bilbilitanos que dedicaron su vida al estudio y difusi\u00f3n de la cultura, la historia y las tradiciones locales, los hermanos Julio y Germ\u00e1n L\u00f3pez Sampedro y a Agust\u00edn Sanmiguel. Los tres fueron consejeros del CEB y Agust\u00edn Sanmiguel, su presidente.<\/p>\n<p>La corporaci\u00f3n municipal asisti\u00f3 a la presentaci\u00f3n de las dos calles que llevar\u00e1n los nombres de estos bilbilitanos, una en el barrio de Consolaci\u00f3n, la dedicada a los hermanos L\u00f3pez Sampedro, y la segunda, en la parte posterior de la Colegiata de Santa Mar\u00eda. Los representantes municipales estuvieron acompa\u00f1ados por amigos y familiares de los homenajeados.<\/p>\n<p>La denominaci\u00f3n de estas calles no el \u00fanico lazo de uni\u00f3n entre ellos que, como recordaba Julio L\u00f3pez Garc\u00eda, hijo de uno de ellos, \u201ctrabajaron en vida en algunas publicaciones comunes\u201d como una gu\u00eda sobre el patrimonio y la historia de Calatayud y su comarca.<\/p>\n<p>Por su parte, Ana P\u00e9triz, viuda de Agust\u00edn Sanmiguel consideraba que la calle elegida para llevar el nombre de su marido, est\u00e1 \u201cen un lugar muy apropiado\u201d, porque se encuentra en el casco hist\u00f3rico y junto al claustro de la colegiata de Santa Mar\u00eda, a cuyo estudio dedic\u00f3 importantes esfuerzos este experto en arquitectura mud\u00e9jar. P\u00e9triz recordaba que Sanmiguel hizo p\u00fablica la hip\u00f3tesis, argumentada, de que este claustro, que el Papa Luna remodelara para ubicar el Estudio General a comienzos del s.XV, se construye sobre la antigua mezquita mayor de Calatayud.<\/p>\n<div style=\"text-align: center;\"><a style=\"margin-left: 1em; margin-right: 1em;\" href=\"https:\/\/lh5.googleusercontent.com\/-geQhCJiRzIQ\/TXZsFNjaY3I\/AAAAAAAAAHk\/XcLGfGicvYI\/s1600\/webs_calatayudNuevo_httdocs_img42721.jpg\"><img decoding=\"async\" loading=\"lazy\" src=\"https:\/\/lh5.googleusercontent.com\/-geQhCJiRzIQ\/TXZsFNjaY3I\/AAAAAAAAAHk\/XcLGfGicvYI\/s400\/webs_calatayudNuevo_httdocs_img42721.jpg\" alt=\"\" width=\"400\" height=\"300\" border=\"0\" \/><\/a><\/div>\n<p>Julio y Germ\u00e1n L\u00f3pez Sampedro (fallecidos en los a\u00f1os 1999 y 1997) mantuvieron una estrecha vinculaci\u00f3n con la educaci\u00f3n y la cultura locales, especialmente en las \u00e1reas de las costumbres y la historia respectivamente. Julio fue, adem\u00e1s, Concejal del Ayuntamiento de Calatayud en la primera legislatura democr\u00e1tica y Germ\u00e1n L\u00f3pez fue historiador y profesor.<\/p>\n<p>&nbsp;<\/p>\n<div class=\"separator\" style=\"clear: both; text-align: center;\"><a style=\"margin-left: 1em; margin-right: 1em;\" href=\"https:\/\/lh5.googleusercontent.com\/-Ql7KFuIKVnY\/TXZsF2SXpAI\/AAAAAAAAAHo\/sJMO1efYjNo\/s1600\/webs_calatayudNuevo_httdocs_img42722.jpg\"><img decoding=\"async\" loading=\"lazy\" src=\"https:\/\/lh5.googleusercontent.com\/-Ql7KFuIKVnY\/TXZsF2SXpAI\/AAAAAAAAAHo\/sJMO1efYjNo\/s400\/webs_calatayudNuevo_httdocs_img42722.jpg\" alt=\"\" width=\"400\" height=\"300\" border=\"0\" \/><\/a><\/div>\n<p>Agust\u00edn Sanmiguel falleci\u00f3 en el a\u00f1o 2009, a los 62 a\u00f1os. A pesar de ser licenciado en Biolog\u00eda es especialmente reconocido como especialista en el mud\u00e9jar aragon\u00e9s. Tambi\u00e9n imparti\u00f3 clases en la ciudad desde 1979, en lo que hoy es el IES Leonardo de Chabacier.<\/p>\n","protected":false},"excerpt":{"rendered":"<p>El Ayuntamiento de Calatayud ha rendido homenaje a tres bilbilitanos que dedicaron su vida al estudio y difusi\u00f3n de la cultura, la historia y las tradiciones locales, los hermanos Julio y Germ\u00e1n L\u00f3pez Sampedro y a Agust\u00edn Sanmiguel. Los tres &hellip; <a href=\"https:\/\/cebilbilitanos.com\/?p=21\">Sigue leyendo <span class=\"meta-nav\">&rarr;<\/span><\/a><\/p>\n","protected":false},"author":1,"featured_media":0,"comment_status":"open","ping_status":"open","sticky":false,"template":"","format":"standard","meta":[],"categories":[23],"tags":[8,9,7],"_links":{"self":[{"href":"https:\/\/cebilbilitanos.com\/index.php?rest_route=\/wp\/v2\/posts\/21"}],"collection":[{"href":"https:\/\/cebilbilitanos.com\/index.php?rest_route=\/wp\/v2\/posts"}],"about":[{"href":"https:\/\/cebilbilitanos.com\/index.php?rest_route=\/wp\/v2\/types\/post"}],"author":[{"embeddable":true,"href":"https:\/\/cebilbilitanos.com\/index.php?rest_route=\/wp\/v2\/users\/1"}],"replies":[{"embeddable":true,"href":"https:\/\/cebilbilitanos.com\/index.php?rest_route=%2Fwp%2Fv2%2Fcomments&post=21"}],"version-history":[{"count":1,"href":"https:\/\/cebilbilitanos.com\/index.php?rest_route=\/wp\/v2\/posts\/21\/revisions"}],"predecessor-version":[{"id":22,"href":"https:\/\/cebilbilitanos.com\/index.php?rest_route=\/wp\/v2\/posts\/21\/revisions\/22"}],"wp:attachment":[{"href":"https:\/\/cebilbilitanos.com\/index.php?rest_route=%2Fwp%2Fv2%2Fmedia&parent=21"}],"wp:term":[{"taxonomy":"category","embeddable":true,"href":"https:\/\/cebilbilitanos.com\/index.php?rest_route=%2Fwp%2Fv2%2Fcategories&post=21"},{"taxonomy":"post_tag","embeddable":true,"href":"https:\/\/cebilbilitanos.com\/index.php?rest_route=%2Fwp%2Fv2%2Ftags&post=21"}],"curies":[{"name":"wp","href":"https:\/\/api.w.org\/{rel}","templated":true}]}}