{"id":2095,"date":"2018-05-07T11:15:12","date_gmt":"2018-05-07T11:15:12","guid":{"rendered":"http:\/\/cebilbilitanos.com\/?p=2095"},"modified":"2018-05-07T11:15:12","modified_gmt":"2018-05-07T11:15:12","slug":"presentacion-del-libro-el-retablo-mayor-de-santa-maria-de-olves","status":"publish","type":"post","link":"https:\/\/cebilbilitanos.com\/?p=2095","title":{"rendered":"Presentaci\u00f3n del libro \u00abEl retablo mayor de Santa Mar\u00eda de Olv\u00e9s\u00bb"},"content":{"rendered":"<p>Francisco Tobajas Gallego<\/p>\n<p><img decoding=\"async\" loading=\"lazy\" class=\"aligncenter size-full wp-image-2096\" src=\"http:\/\/cebilbilitanos.com\/wp-content\/uploads\/2018\/05\/31945636_1928515563849364_9115625235977076736_n.jpg\" alt=\"\" width=\"720\" height=\"960\" srcset=\"https:\/\/cebilbilitanos.com\/wp-content\/uploads\/2018\/05\/31945636_1928515563849364_9115625235977076736_n.jpg 720w, https:\/\/cebilbilitanos.com\/wp-content\/uploads\/2018\/05\/31945636_1928515563849364_9115625235977076736_n-225x300.jpg 225w\" sizes=\"(max-width: 720px) 100vw, 720px\" \/><\/p>\n<p>El 5 de mayo de 2018 tuvo lugar la presentaci\u00f3n de un libro sobre el retablo mayor de Santa Mar\u00eda de Olv\u00e9s, de Jes\u00fas Criado y Olga Cantos, que ha sido editado por el Centro de Estudios Bilbilitanos, en colaboraci\u00f3n con el Ayuntamiento de Olv\u00e9s. La presentaci\u00f3n tuvo lugar en la ermita de Nuestra Se\u00f1ora del Milagro de esta localidad, que fue la primitiva parroquia del lugar.<\/p>\n<p>Los autores atribuyen el retablo al entallador Esteban de Obray y al escultor Gabriel de Yoly, que debieron realizarlo hacia 1530-1532, para una iglesia de reducidas dimensiones, de la que nada queda. En 1556 se contrataba con el pintor Gonzalo de Villapedroche la policrom\u00eda del sagrario y en 1558, con Pietro Morone y el mismo Villapedroche la policrom\u00eda del retablo y la pintura de sus puertas. Jos\u00e9 Luis Cort\u00e9s, presente tambi\u00e9n en la presentaci\u00f3n, encontr\u00f3 entre todas las piezas desmontadas, dos sargas renacentistas pintadas al temple, que hab\u00edan servido de puertas del cuerpo del retablo.<\/p>\n<p>A mediados del siglo XVIII se reh\u00edzo la capilla mayor de la parroquia, pero el templo sufri\u00f3 graves desperfectos el 1 de noviembre de 1755, con el terremoto de Lisboa. El nuevo templo se consagr\u00f3 en 1777, pero los problemas estructurales no desaparecieron e hicieron que se cerrara definitivamente al culto en 1989. En este mismo a\u00f1o tuvo lugar un robo en la parroquia de Olv\u00e9s, desapareciendo cinco tallas de madera del retablo mayor. Fue entonces cuando se desmont\u00f3, traslad\u00e1ndose la mazoner\u00eda a un almac\u00e9n municipal y las esculturas a la ermita de la Virgen del Milagro. En el a\u00f1o 2009 el templo qued\u00f3 completamente vac\u00edo.<\/p>\n<p>Jos\u00e9 \u00c1ngel Urzay, presidente del CEB, record\u00f3 la implicaci\u00f3n del Centro de Estudios Bilbilitanos con la investigaci\u00f3n, defensa y difusi\u00f3n del patrimonio comarcal, as\u00ed como la importancia de los trabajos de Jes\u00fas Criado, dedicados a la \u00e9poca del Renacimiento en esta comarca, y de Olga Cantos, restauradora-conservadora del Instituto del Patrimonio Cultural de Espa\u00f1a, que dirigi\u00f3 la restauraci\u00f3n del retablo titular de San Miguel de Ibdes. Por su parte, Iluminada Ustero, alcaldesa de Olv\u00e9s, reclam\u00f3 de las instituciones unas urgentes medidas para retomar las obras de la parroquia, para que pueda albergar de nuevo el retablo mayor, que actualmente se encuentra desmontado y guardado en unas dependencias municipales.<\/p>\n","protected":false},"excerpt":{"rendered":"<p>Francisco Tobajas Gallego El 5 de mayo de 2018 tuvo lugar la presentaci\u00f3n de un libro sobre el retablo mayor de Santa Mar\u00eda de Olv\u00e9s, de Jes\u00fas Criado y Olga Cantos, que ha sido editado por el Centro de Estudios &hellip; <a href=\"https:\/\/cebilbilitanos.com\/?p=2095\">Sigue leyendo <span class=\"meta-nav\">&rarr;<\/span><\/a><\/p>\n","protected":false},"author":1,"featured_media":0,"comment_status":"open","ping_status":"open","sticky":false,"template":"","format":"standard","meta":[],"categories":[23],"tags":[],"_links":{"self":[{"href":"https:\/\/cebilbilitanos.com\/index.php?rest_route=\/wp\/v2\/posts\/2095"}],"collection":[{"href":"https:\/\/cebilbilitanos.com\/index.php?rest_route=\/wp\/v2\/posts"}],"about":[{"href":"https:\/\/cebilbilitanos.com\/index.php?rest_route=\/wp\/v2\/types\/post"}],"author":[{"embeddable":true,"href":"https:\/\/cebilbilitanos.com\/index.php?rest_route=\/wp\/v2\/users\/1"}],"replies":[{"embeddable":true,"href":"https:\/\/cebilbilitanos.com\/index.php?rest_route=%2Fwp%2Fv2%2Fcomments&post=2095"}],"version-history":[{"count":1,"href":"https:\/\/cebilbilitanos.com\/index.php?rest_route=\/wp\/v2\/posts\/2095\/revisions"}],"predecessor-version":[{"id":2097,"href":"https:\/\/cebilbilitanos.com\/index.php?rest_route=\/wp\/v2\/posts\/2095\/revisions\/2097"}],"wp:attachment":[{"href":"https:\/\/cebilbilitanos.com\/index.php?rest_route=%2Fwp%2Fv2%2Fmedia&parent=2095"}],"wp:term":[{"taxonomy":"category","embeddable":true,"href":"https:\/\/cebilbilitanos.com\/index.php?rest_route=%2Fwp%2Fv2%2Fcategories&post=2095"},{"taxonomy":"post_tag","embeddable":true,"href":"https:\/\/cebilbilitanos.com\/index.php?rest_route=%2Fwp%2Fv2%2Ftags&post=2095"}],"curies":[{"name":"wp","href":"https:\/\/api.w.org\/{rel}","templated":true}]}}