{"id":2086,"date":"2018-04-24T11:23:59","date_gmt":"2018-04-24T11:23:59","guid":{"rendered":"http:\/\/cebilbilitanos.com\/?p=2086"},"modified":"2018-04-24T11:24:25","modified_gmt":"2018-04-24T11:24:25","slug":"el-retablo-mayor-d-santa-maria-de-olves","status":"publish","type":"post","link":"https:\/\/cebilbilitanos.com\/?p=2086","title":{"rendered":"El retablo mayor de Santa Mar\u00eda de Olv\u00e9s"},"content":{"rendered":"<p><img decoding=\"async\" loading=\"lazy\" class=\"aligncenter size-full wp-image-2087\" src=\"http:\/\/cebilbilitanos.com\/wp-content\/uploads\/2018\/04\/PORTADA-LIBRO-OLVES.jpg\" alt=\"\" width=\"800\" height=\"1125\" srcset=\"https:\/\/cebilbilitanos.com\/wp-content\/uploads\/2018\/04\/PORTADA-LIBRO-OLVES.jpg 800w, https:\/\/cebilbilitanos.com\/wp-content\/uploads\/2018\/04\/PORTADA-LIBRO-OLVES-213x300.jpg 213w, https:\/\/cebilbilitanos.com\/wp-content\/uploads\/2018\/04\/PORTADA-LIBRO-OLVES-768x1080.jpg 768w, https:\/\/cebilbilitanos.com\/wp-content\/uploads\/2018\/04\/PORTADA-LIBRO-OLVES-728x1024.jpg 728w\" sizes=\"(max-width: 800px) 100vw, 800px\" \/><\/p>\n<p>El d\u00eda 5 de mayo, s\u00e1bado, a las 20 horas, se presentar\u00e1 en Olv\u00e9s el libro: <em>El retablo mayor de Santa Mar\u00eda de Olv\u00e9s. Las claves del Renacimiento en la comarca de la Comunidad de Calatayud<\/em>, cuyos autores son Jes\u00fas Criado Mainar y Olga Cantos Mart\u00ednez.<\/p>\n<p>En este libro se estudia el retablo titular de la iglesia parroquial de Santa Mar\u00eda la Mayor de Olv\u00e9s, en el que intervinieron el mazonero Esteban de Obray, el imaginero picardo Gabriel Joly y el pintor lombardo Pietro Morone. El retablo se encuentra actualmente desmantelado y pendiente de ser reubicado en el templo barroco que lo alberga. Con este libro, el Centro de Estudios Bilbilitanos intenta divulgar un conjunto de primer nivel, poco conocido todav\u00eda por la comunidad cient\u00edfica y por los habitantes de la comarca bilbilitana, al tiempo que pretende servir como piedra de toque hacia las autoridades competentes para que pongan los medios necesarios en la recuperaci\u00f3n de este valioso bien patrimonial.<\/p>\n","protected":false},"excerpt":{"rendered":"<p>El d\u00eda 5 de mayo, s\u00e1bado, a las 20 horas, se presentar\u00e1 en Olv\u00e9s el libro: El retablo mayor de Santa Mar\u00eda de Olv\u00e9s. Las claves del Renacimiento en la comarca de la Comunidad de Calatayud, cuyos autores son Jes\u00fas &hellip; <a href=\"https:\/\/cebilbilitanos.com\/?p=2086\">Sigue leyendo <span class=\"meta-nav\">&rarr;<\/span><\/a><\/p>\n","protected":false},"author":1,"featured_media":0,"comment_status":"open","ping_status":"open","sticky":false,"template":"","format":"standard","meta":[],"categories":[23,30],"tags":[6,14,10,11],"_links":{"self":[{"href":"https:\/\/cebilbilitanos.com\/index.php?rest_route=\/wp\/v2\/posts\/2086"}],"collection":[{"href":"https:\/\/cebilbilitanos.com\/index.php?rest_route=\/wp\/v2\/posts"}],"about":[{"href":"https:\/\/cebilbilitanos.com\/index.php?rest_route=\/wp\/v2\/types\/post"}],"author":[{"embeddable":true,"href":"https:\/\/cebilbilitanos.com\/index.php?rest_route=\/wp\/v2\/users\/1"}],"replies":[{"embeddable":true,"href":"https:\/\/cebilbilitanos.com\/index.php?rest_route=%2Fwp%2Fv2%2Fcomments&post=2086"}],"version-history":[{"count":2,"href":"https:\/\/cebilbilitanos.com\/index.php?rest_route=\/wp\/v2\/posts\/2086\/revisions"}],"predecessor-version":[{"id":2089,"href":"https:\/\/cebilbilitanos.com\/index.php?rest_route=\/wp\/v2\/posts\/2086\/revisions\/2089"}],"wp:attachment":[{"href":"https:\/\/cebilbilitanos.com\/index.php?rest_route=%2Fwp%2Fv2%2Fmedia&parent=2086"}],"wp:term":[{"taxonomy":"category","embeddable":true,"href":"https:\/\/cebilbilitanos.com\/index.php?rest_route=%2Fwp%2Fv2%2Fcategories&post=2086"},{"taxonomy":"post_tag","embeddable":true,"href":"https:\/\/cebilbilitanos.com\/index.php?rest_route=%2Fwp%2Fv2%2Ftags&post=2086"}],"curies":[{"name":"wp","href":"https:\/\/api.w.org\/{rel}","templated":true}]}}