{"id":2073,"date":"2018-03-22T21:33:45","date_gmt":"2018-03-22T21:33:45","guid":{"rendered":"http:\/\/cebilbilitanos.com\/?p=2073"},"modified":"2018-03-22T21:33:45","modified_gmt":"2018-03-22T21:33:45","slug":"monasterio-de-piedra-un-legado-de-800-anos","status":"publish","type":"post","link":"https:\/\/cebilbilitanos.com\/?p=2073","title":{"rendered":"Monasterio de Piedra, un legado de 800 a\u00f1os"},"content":{"rendered":"<p><strong>Monasterio de Piedra, un legado de 800 a\u00f1os<\/strong><\/p>\n<p><strong><em>HISTORIA, ARTE, NATURALEZA Y JARD\u00cdN<\/em><\/strong><\/p>\n<p><strong>17 &#8211; 20 ABRIL 2018<\/strong><\/p>\n<p>El Centro de Estudios Bilbilitanos colabora con el Monasterio de Piedra en la celebraci\u00f3n del Congreso del 800 aniversario de su fundaci\u00f3n. Se adjunta el programa. El plazo de inscripci\u00f3n finaliza el 15 de abril.<\/p>\n<p><img decoding=\"async\" loading=\"lazy\" class=\"aligncenter size-full wp-image-2074\" src=\"http:\/\/cebilbilitanos.com\/wp-content\/uploads\/2018\/03\/MONASTERIO1.jpg\" alt=\"\" width=\"2322\" height=\"2480\" srcset=\"https:\/\/cebilbilitanos.com\/wp-content\/uploads\/2018\/03\/MONASTERIO1.jpg 2322w, https:\/\/cebilbilitanos.com\/wp-content\/uploads\/2018\/03\/MONASTERIO1-281x300.jpg 281w, https:\/\/cebilbilitanos.com\/wp-content\/uploads\/2018\/03\/MONASTERIO1-768x820.jpg 768w, https:\/\/cebilbilitanos.com\/wp-content\/uploads\/2018\/03\/MONASTERIO1-959x1024.jpg 959w\" sizes=\"(max-width: 2322px) 100vw, 2322px\" \/> <img decoding=\"async\" loading=\"lazy\" class=\"aligncenter size-full wp-image-2075\" src=\"http:\/\/cebilbilitanos.com\/wp-content\/uploads\/2018\/03\/MONASTERIO2.jpg\" alt=\"\" width=\"2382\" height=\"2480\" srcset=\"https:\/\/cebilbilitanos.com\/wp-content\/uploads\/2018\/03\/MONASTERIO2.jpg 2382w, https:\/\/cebilbilitanos.com\/wp-content\/uploads\/2018\/03\/MONASTERIO2-288x300.jpg 288w, https:\/\/cebilbilitanos.com\/wp-content\/uploads\/2018\/03\/MONASTERIO2-768x800.jpg 768w, https:\/\/cebilbilitanos.com\/wp-content\/uploads\/2018\/03\/MONASTERIO2-984x1024.jpg 984w\" sizes=\"(max-width: 2382px) 100vw, 2382px\" \/> <img decoding=\"async\" loading=\"lazy\" class=\"aligncenter size-full wp-image-2076\" src=\"http:\/\/cebilbilitanos.com\/wp-content\/uploads\/2018\/03\/MONASTERIO3.jpg\" alt=\"\" width=\"2319\" height=\"2480\" srcset=\"https:\/\/cebilbilitanos.com\/wp-content\/uploads\/2018\/03\/MONASTERIO3.jpg 2319w, https:\/\/cebilbilitanos.com\/wp-content\/uploads\/2018\/03\/MONASTERIO3-281x300.jpg 281w, https:\/\/cebilbilitanos.com\/wp-content\/uploads\/2018\/03\/MONASTERIO3-768x821.jpg 768w, https:\/\/cebilbilitanos.com\/wp-content\/uploads\/2018\/03\/MONASTERIO3-958x1024.jpg 958w\" sizes=\"(max-width: 2319px) 100vw, 2319px\" \/><\/p>\n<ul>\n<li><a href=\"http:\/\/cebilbilitanos.com\/wp-content\/uploads\/2018\/03\/Congreso-Monasterio-de-Piedra.pdf\">Tr\u00edptico Congreso Monasterio de Piedra<\/a><\/li>\n<\/ul>\n","protected":false},"excerpt":{"rendered":"<p>Monasterio de Piedra, un legado de 800 a\u00f1os HISTORIA, ARTE, NATURALEZA Y JARD\u00cdN 17 &#8211; 20 ABRIL 2018 El Centro de Estudios Bilbilitanos colabora con el Monasterio de Piedra en la celebraci\u00f3n del Congreso del 800 aniversario de su fundaci\u00f3n. &hellip; <a href=\"https:\/\/cebilbilitanos.com\/?p=2073\">Sigue leyendo <span class=\"meta-nav\">&rarr;<\/span><\/a><\/p>\n","protected":false},"author":1,"featured_media":0,"comment_status":"open","ping_status":"open","sticky":false,"template":"","format":"standard","meta":[],"categories":[23],"tags":[38],"_links":{"self":[{"href":"https:\/\/cebilbilitanos.com\/index.php?rest_route=\/wp\/v2\/posts\/2073"}],"collection":[{"href":"https:\/\/cebilbilitanos.com\/index.php?rest_route=\/wp\/v2\/posts"}],"about":[{"href":"https:\/\/cebilbilitanos.com\/index.php?rest_route=\/wp\/v2\/types\/post"}],"author":[{"embeddable":true,"href":"https:\/\/cebilbilitanos.com\/index.php?rest_route=\/wp\/v2\/users\/1"}],"replies":[{"embeddable":true,"href":"https:\/\/cebilbilitanos.com\/index.php?rest_route=%2Fwp%2Fv2%2Fcomments&post=2073"}],"version-history":[{"count":1,"href":"https:\/\/cebilbilitanos.com\/index.php?rest_route=\/wp\/v2\/posts\/2073\/revisions"}],"predecessor-version":[{"id":2078,"href":"https:\/\/cebilbilitanos.com\/index.php?rest_route=\/wp\/v2\/posts\/2073\/revisions\/2078"}],"wp:attachment":[{"href":"https:\/\/cebilbilitanos.com\/index.php?rest_route=%2Fwp%2Fv2%2Fmedia&parent=2073"}],"wp:term":[{"taxonomy":"category","embeddable":true,"href":"https:\/\/cebilbilitanos.com\/index.php?rest_route=%2Fwp%2Fv2%2Fcategories&post=2073"},{"taxonomy":"post_tag","embeddable":true,"href":"https:\/\/cebilbilitanos.com\/index.php?rest_route=%2Fwp%2Fv2%2Ftags&post=2073"}],"curies":[{"name":"wp","href":"https:\/\/api.w.org\/{rel}","templated":true}]}}