{"id":2069,"date":"2018-02-28T07:46:26","date_gmt":"2018-02-28T07:46:26","guid":{"rendered":"http:\/\/cebilbilitanos.com\/?p=2069"},"modified":"2018-02-28T07:46:26","modified_gmt":"2018-02-28T07:46:26","slug":"aniversario-de-la-institucion-fernando-el-catolico","status":"publish","type":"post","link":"https:\/\/cebilbilitanos.com\/?p=2069","title":{"rendered":"Aniversario de la Instituci\u00f3n Fernando el Cat\u00f3lico"},"content":{"rendered":"<p><img decoding=\"async\" loading=\"lazy\" class=\"aligncenter size-full wp-image-2070\" src=\"http:\/\/cebilbilitanos.com\/wp-content\/uploads\/2018\/02\/ifc.jpg\" alt=\"\" width=\"1467\" height=\"891\" srcset=\"https:\/\/cebilbilitanos.com\/wp-content\/uploads\/2018\/02\/ifc.jpg 1467w, https:\/\/cebilbilitanos.com\/wp-content\/uploads\/2018\/02\/ifc-300x182.jpg 300w, https:\/\/cebilbilitanos.com\/wp-content\/uploads\/2018\/02\/ifc-768x466.jpg 768w, https:\/\/cebilbilitanos.com\/wp-content\/uploads\/2018\/02\/ifc-1024x622.jpg 1024w\" sizes=\"(max-width: 1467px) 100vw, 1467px\" \/><\/p>\n<p><em>75 A\u00d1OS DE CREACI\u00d3N Y DIFUSI\u00d3N CULTURAL<\/em><\/p>\n<p>En 2018 se cumple el 75 aniversario de la Instituci\u00f3n Fernando el Cat\u00f3lico (IFC). Con este motivo, el Peri\u00f3dico de Arag\u00f3n public\u00f3 el pasado 17 de febrero un interesante monogr\u00e1fico sobre el tema, que adjuntamos.<\/p>\n<p>Por su parte, el Centro de Estudios Bilbilitanos (CEB) es un centro asociado a la IFC, con 64 a\u00f1os de existencia; de los seis centros de estudios de la provincia, fue el primero de ellos en constituirse. En el reportaje period\u00edstico se hace una breve menci\u00f3n a estos centros comarcales.<\/p>\n<p>Es una informaci\u00f3n muy interesante para contextualizar las funciones del CEB, enmarcadas en el estudio y la investigaci\u00f3n del patrimonio aragon\u00e9s.<\/p>\n<p style=\"margin: 12px auto 6px auto; font-family: Helvetica,Arial,Sans-serif; font-style: normal; font-variant: normal; font-weight: normal; font-size: 14px; line-height: normal; font-size-adjust: none; font-stretch: normal; -x-system-font: none; display: block;\"><a style=\"text-decoration: underline;\" title=\"View Aniversario de La IFC on Scribd\" href=\"https:\/\/www.scribd.com\/document\/372602403\/Aniversario-de-La-IFC#from_embed\">Aniversario de La IFC<\/a> by <a style=\"text-decoration: underline;\" title=\"View CENTRO DE ESTUDIOS BILBILITANOS's profile on Scribd\" href=\"https:\/\/www.scribd.com\/user\/315930480\/CENTRO-DE-ESTUDIOS-BILBILITANOS#from_embed\">CENTRO DE ESTUDIOS BILBILITANOS<\/a> on Scribd<\/p>\n<p><iframe loading=\"lazy\" id=\"doc_73640\" class=\"scribd_iframe_embed\" title=\"Aniversario de La IFC\" src=\"https:\/\/www.scribd.com\/embeds\/372602403\/content?start_page=1&amp;view_mode=scroll&amp;access_key=key-BQmvlOk5W3bbljQkzbyv&amp;show_recommendations=true\" width=\"638\" height=\"850\" frameborder=\"0\" scrolling=\"no\" data-auto-height=\"false\" data-aspect-ratio=\"0.7816291161178509\"><\/iframe><\/p>\n","protected":false},"excerpt":{"rendered":"<p>75 A\u00d1OS DE CREACI\u00d3N Y DIFUSI\u00d3N CULTURAL En 2018 se cumple el 75 aniversario de la Instituci\u00f3n Fernando el Cat\u00f3lico (IFC). Con este motivo, el Peri\u00f3dico de Arag\u00f3n public\u00f3 el pasado 17 de febrero un interesante monogr\u00e1fico sobre el tema, &hellip; <a href=\"https:\/\/cebilbilitanos.com\/?p=2069\">Sigue leyendo <span class=\"meta-nav\">&rarr;<\/span><\/a><\/p>\n","protected":false},"author":1,"featured_media":0,"comment_status":"open","ping_status":"open","sticky":false,"template":"","format":"standard","meta":[],"categories":[23],"tags":[50],"_links":{"self":[{"href":"https:\/\/cebilbilitanos.com\/index.php?rest_route=\/wp\/v2\/posts\/2069"}],"collection":[{"href":"https:\/\/cebilbilitanos.com\/index.php?rest_route=\/wp\/v2\/posts"}],"about":[{"href":"https:\/\/cebilbilitanos.com\/index.php?rest_route=\/wp\/v2\/types\/post"}],"author":[{"embeddable":true,"href":"https:\/\/cebilbilitanos.com\/index.php?rest_route=\/wp\/v2\/users\/1"}],"replies":[{"embeddable":true,"href":"https:\/\/cebilbilitanos.com\/index.php?rest_route=%2Fwp%2Fv2%2Fcomments&post=2069"}],"version-history":[{"count":1,"href":"https:\/\/cebilbilitanos.com\/index.php?rest_route=\/wp\/v2\/posts\/2069\/revisions"}],"predecessor-version":[{"id":2071,"href":"https:\/\/cebilbilitanos.com\/index.php?rest_route=\/wp\/v2\/posts\/2069\/revisions\/2071"}],"wp:attachment":[{"href":"https:\/\/cebilbilitanos.com\/index.php?rest_route=%2Fwp%2Fv2%2Fmedia&parent=2069"}],"wp:term":[{"taxonomy":"category","embeddable":true,"href":"https:\/\/cebilbilitanos.com\/index.php?rest_route=%2Fwp%2Fv2%2Fcategories&post=2069"},{"taxonomy":"post_tag","embeddable":true,"href":"https:\/\/cebilbilitanos.com\/index.php?rest_route=%2Fwp%2Fv2%2Ftags&post=2069"}],"curies":[{"name":"wp","href":"https:\/\/api.w.org\/{rel}","templated":true}]}}