{"id":2065,"date":"2018-02-20T09:59:48","date_gmt":"2018-02-20T09:59:48","guid":{"rendered":"http:\/\/cebilbilitanos.com\/?p=2065"},"modified":"2018-02-20T09:59:48","modified_gmt":"2018-02-20T09:59:48","slug":"el-palacio-prioral-del-santo-sepulcro","status":"publish","type":"post","link":"https:\/\/cebilbilitanos.com\/?p=2065","title":{"rendered":"El Palacio Prioral del Santo Sepulcro"},"content":{"rendered":"<p><img decoding=\"async\" loading=\"lazy\" class=\"aligncenter size-full wp-image-2066\" src=\"http:\/\/cebilbilitanos.com\/wp-content\/uploads\/2018\/02\/Santo-Sepulcro-Calatayud.jpg\" alt=\"\" width=\"800\" height=\"565\" srcset=\"https:\/\/cebilbilitanos.com\/wp-content\/uploads\/2018\/02\/Santo-Sepulcro-Calatayud.jpg 800w, https:\/\/cebilbilitanos.com\/wp-content\/uploads\/2018\/02\/Santo-Sepulcro-Calatayud-300x212.jpg 300w, https:\/\/cebilbilitanos.com\/wp-content\/uploads\/2018\/02\/Santo-Sepulcro-Calatayud-768x542.jpg 768w\" sizes=\"(max-width: 800px) 100vw, 800px\" \/><\/p>\n<p>El Centro de Estudios Bilbilitanos contin\u00faa incrementando el <strong>Archivo Fotogr\u00e1fico Digital<\/strong> con nueva fotograf\u00edas aportadas por investigadores y estudiosos de Calatayud y comarca. Recientemente Jos\u00e9 Antonio Malo trajo esta interesante fotograf\u00eda, probablemente de principios del XX, cuyo pie dice <strong><em>Palacio Prioral del Santo Sepulcro Calatayud<\/em><\/strong>. Al fondo se observa la Torre del Reloj.<\/p>\n","protected":false},"excerpt":{"rendered":"<p>El Centro de Estudios Bilbilitanos contin\u00faa incrementando el Archivo Fotogr\u00e1fico Digital con nueva fotograf\u00edas aportadas por investigadores y estudiosos de Calatayud y comarca. Recientemente Jos\u00e9 Antonio Malo trajo esta interesante fotograf\u00eda, probablemente de principios del XX, cuyo pie dice Palacio &hellip; <a href=\"https:\/\/cebilbilitanos.com\/?p=2065\">Sigue leyendo <span class=\"meta-nav\">&rarr;<\/span><\/a><\/p>\n","protected":false},"author":1,"featured_media":0,"comment_status":"open","ping_status":"open","sticky":false,"template":"","format":"standard","meta":[],"categories":[23],"tags":[22],"_links":{"self":[{"href":"https:\/\/cebilbilitanos.com\/index.php?rest_route=\/wp\/v2\/posts\/2065"}],"collection":[{"href":"https:\/\/cebilbilitanos.com\/index.php?rest_route=\/wp\/v2\/posts"}],"about":[{"href":"https:\/\/cebilbilitanos.com\/index.php?rest_route=\/wp\/v2\/types\/post"}],"author":[{"embeddable":true,"href":"https:\/\/cebilbilitanos.com\/index.php?rest_route=\/wp\/v2\/users\/1"}],"replies":[{"embeddable":true,"href":"https:\/\/cebilbilitanos.com\/index.php?rest_route=%2Fwp%2Fv2%2Fcomments&post=2065"}],"version-history":[{"count":1,"href":"https:\/\/cebilbilitanos.com\/index.php?rest_route=\/wp\/v2\/posts\/2065\/revisions"}],"predecessor-version":[{"id":2067,"href":"https:\/\/cebilbilitanos.com\/index.php?rest_route=\/wp\/v2\/posts\/2065\/revisions\/2067"}],"wp:attachment":[{"href":"https:\/\/cebilbilitanos.com\/index.php?rest_route=%2Fwp%2Fv2%2Fmedia&parent=2065"}],"wp:term":[{"taxonomy":"category","embeddable":true,"href":"https:\/\/cebilbilitanos.com\/index.php?rest_route=%2Fwp%2Fv2%2Fcategories&post=2065"},{"taxonomy":"post_tag","embeddable":true,"href":"https:\/\/cebilbilitanos.com\/index.php?rest_route=%2Fwp%2Fv2%2Ftags&post=2065"}],"curies":[{"name":"wp","href":"https:\/\/api.w.org\/{rel}","templated":true}]}}