{"id":2045,"date":"2018-02-07T18:57:21","date_gmt":"2018-02-07T18:57:21","guid":{"rendered":"http:\/\/cebilbilitanos.com\/?p=2045"},"modified":"2018-02-07T19:35:34","modified_gmt":"2018-02-07T19:35:34","slug":"biblioteca-virtual","status":"publish","type":"post","link":"https:\/\/cebilbilitanos.com\/?p=2045","title":{"rendered":"Nueva publicaci\u00f3n en la biblioteca virtual"},"content":{"rendered":"<p>Paulatinamente iremos incorporando a la biblioteca virtual de la p\u00e1gina web del CEB aquellos libros que puedan ser de inter\u00e9s para los investigadores comarcales y todos aquellos interesados en el estudio del patrimonio.<\/p>\n<p><img decoding=\"async\" loading=\"lazy\" class=\"aligncenter size-full wp-image-2046\" src=\"http:\/\/cebilbilitanos.com\/wp-content\/uploads\/2018\/02\/fuero.jpg\" alt=\"\" width=\"332\" height=\"490\" srcset=\"https:\/\/cebilbilitanos.com\/wp-content\/uploads\/2018\/02\/fuero.jpg 332w, https:\/\/cebilbilitanos.com\/wp-content\/uploads\/2018\/02\/fuero-203x300.jpg 203w\" sizes=\"(max-width: 332px) 100vw, 332px\" \/><\/p>\n<p>En esta ocasi\u00f3n,\u00a0 a\u00f1adimos el <a href=\"http:\/\/cebilbilitanos.com\/?page_id=248\"><strong><em>Fuero de Calatayud<\/em><\/strong><\/a> de Jes\u00fas Ignacio Algora Hernando y Felic\u00edsimo Arranz Sacrist\u00e1n. Esta obra, editada por el Centro de Estudios Bilbilitanos en el a\u00f1o 1982, sigue siendo una referencia b\u00e1sica y una obra imprescindible para la historia de Calatayud y de toda la comarca.<\/p>\n<p><a href=\"http:\/\/cebilbilitanos.com\/?page_id=1012\"><img decoding=\"async\" loading=\"lazy\" class=\"aligncenter size-full wp-image-1966\" src=\"http:\/\/cebilbilitanos.com\/wp-content\/uploads\/2015\/09\/bibilioteca-virtual-300x91.jpg\" alt=\"\" width=\"300\" height=\"91\" \/><\/a><\/p>\n","protected":false},"excerpt":{"rendered":"<p>Paulatinamente iremos incorporando a la biblioteca virtual de la p\u00e1gina web del CEB aquellos libros que puedan ser de inter\u00e9s para los investigadores comarcales y todos aquellos interesados en el estudio del patrimonio. En esta ocasi\u00f3n,\u00a0 a\u00f1adimos el Fuero de &hellip; <a href=\"https:\/\/cebilbilitanos.com\/?p=2045\">Sigue leyendo <span class=\"meta-nav\">&rarr;<\/span><\/a><\/p>\n","protected":false},"author":1,"featured_media":0,"comment_status":"open","ping_status":"open","sticky":false,"template":"","format":"standard","meta":[],"categories":[23],"tags":[],"_links":{"self":[{"href":"https:\/\/cebilbilitanos.com\/index.php?rest_route=\/wp\/v2\/posts\/2045"}],"collection":[{"href":"https:\/\/cebilbilitanos.com\/index.php?rest_route=\/wp\/v2\/posts"}],"about":[{"href":"https:\/\/cebilbilitanos.com\/index.php?rest_route=\/wp\/v2\/types\/post"}],"author":[{"embeddable":true,"href":"https:\/\/cebilbilitanos.com\/index.php?rest_route=\/wp\/v2\/users\/1"}],"replies":[{"embeddable":true,"href":"https:\/\/cebilbilitanos.com\/index.php?rest_route=%2Fwp%2Fv2%2Fcomments&post=2045"}],"version-history":[{"count":3,"href":"https:\/\/cebilbilitanos.com\/index.php?rest_route=\/wp\/v2\/posts\/2045\/revisions"}],"predecessor-version":[{"id":2054,"href":"https:\/\/cebilbilitanos.com\/index.php?rest_route=\/wp\/v2\/posts\/2045\/revisions\/2054"}],"wp:attachment":[{"href":"https:\/\/cebilbilitanos.com\/index.php?rest_route=%2Fwp%2Fv2%2Fmedia&parent=2045"}],"wp:term":[{"taxonomy":"category","embeddable":true,"href":"https:\/\/cebilbilitanos.com\/index.php?rest_route=%2Fwp%2Fv2%2Fcategories&post=2045"},{"taxonomy":"post_tag","embeddable":true,"href":"https:\/\/cebilbilitanos.com\/index.php?rest_route=%2Fwp%2Fv2%2Ftags&post=2045"}],"curies":[{"name":"wp","href":"https:\/\/api.w.org\/{rel}","templated":true}]}}