{"id":2042,"date":"2018-02-07T18:36:20","date_gmt":"2018-02-07T18:36:20","guid":{"rendered":"http:\/\/cebilbilitanos.com\/?p=2042"},"modified":"2018-02-07T18:36:20","modified_gmt":"2018-02-07T18:36:20","slug":"fiestas-de-febrero","status":"publish","type":"post","link":"https:\/\/cebilbilitanos.com\/?p=2042","title":{"rendered":"Fiestas de febrero"},"content":{"rendered":"<div id=\"attachment_2043\" style=\"width: 1769px\" class=\"wp-caption aligncenter\"><img aria-describedby=\"caption-attachment-2043\" decoding=\"async\" loading=\"lazy\" class=\"size-full wp-image-2043\" src=\"http:\/\/cebilbilitanos.com\/wp-content\/uploads\/2018\/02\/Jes\u00fas-Macipe-Roy.-Fiesta-de-la-Candelera.jpg\" alt=\"\" width=\"1759\" height=\"1181\" srcset=\"https:\/\/cebilbilitanos.com\/wp-content\/uploads\/2018\/02\/Jes\u00fas-Macipe-Roy.-Fiesta-de-la-Candelera.jpg 1759w, https:\/\/cebilbilitanos.com\/wp-content\/uploads\/2018\/02\/Jes\u00fas-Macipe-Roy.-Fiesta-de-la-Candelera-300x201.jpg 300w, https:\/\/cebilbilitanos.com\/wp-content\/uploads\/2018\/02\/Jes\u00fas-Macipe-Roy.-Fiesta-de-la-Candelera-768x516.jpg 768w, https:\/\/cebilbilitanos.com\/wp-content\/uploads\/2018\/02\/Jes\u00fas-Macipe-Roy.-Fiesta-de-la-Candelera-1024x688.jpg 1024w\" sizes=\"(max-width: 1759px) 100vw, 1759px\" \/><p id=\"caption-attachment-2043\" class=\"wp-caption-text\">Jes\u00fas Macipe Roy. Fiesta de la Candelera<\/p><\/div>\n<p>La primera semana de febrero ha sido en la cultura tradicional el espacio festivo m\u00e1s prolongado del a\u00f1o. El fr\u00edo y el par\u00f3n agr\u00edcola eran aprovechados para disfrutar de unos d\u00edas de descanso. Las celebraciones se suceden de forma ininterrumpida:<\/p>\n<ul>\n<li>D\u00eda 2: La Candelera.<\/li>\n<li>D\u00eda 3: San Blas.<\/li>\n<li>D\u00eda 5: Santa \u00c1gueda.<\/li>\n<li>D\u00eda 6: Santa Dorotea.<\/li>\n<\/ul>\n<p>El CEB contin\u00faa el proceso de documentaci\u00f3n de estas festividades tradicionales que, adapt\u00e1ndose a las nuevas realidades sociales, han sabido renovarse hasta la actualidad.<\/p>\n","protected":false},"excerpt":{"rendered":"<p>La primera semana de febrero ha sido en la cultura tradicional el espacio festivo m\u00e1s prolongado del a\u00f1o. El fr\u00edo y el par\u00f3n agr\u00edcola eran aprovechados para disfrutar de unos d\u00edas de descanso. Las celebraciones se suceden de forma ininterrumpida: &hellip; <a href=\"https:\/\/cebilbilitanos.com\/?p=2042\">Sigue leyendo <span class=\"meta-nav\">&rarr;<\/span><\/a><\/p>\n","protected":false},"author":1,"featured_media":0,"comment_status":"open","ping_status":"open","sticky":false,"template":"","format":"standard","meta":[],"categories":[23],"tags":[],"_links":{"self":[{"href":"https:\/\/cebilbilitanos.com\/index.php?rest_route=\/wp\/v2\/posts\/2042"}],"collection":[{"href":"https:\/\/cebilbilitanos.com\/index.php?rest_route=\/wp\/v2\/posts"}],"about":[{"href":"https:\/\/cebilbilitanos.com\/index.php?rest_route=\/wp\/v2\/types\/post"}],"author":[{"embeddable":true,"href":"https:\/\/cebilbilitanos.com\/index.php?rest_route=\/wp\/v2\/users\/1"}],"replies":[{"embeddable":true,"href":"https:\/\/cebilbilitanos.com\/index.php?rest_route=%2Fwp%2Fv2%2Fcomments&post=2042"}],"version-history":[{"count":1,"href":"https:\/\/cebilbilitanos.com\/index.php?rest_route=\/wp\/v2\/posts\/2042\/revisions"}],"predecessor-version":[{"id":2044,"href":"https:\/\/cebilbilitanos.com\/index.php?rest_route=\/wp\/v2\/posts\/2042\/revisions\/2044"}],"wp:attachment":[{"href":"https:\/\/cebilbilitanos.com\/index.php?rest_route=%2Fwp%2Fv2%2Fmedia&parent=2042"}],"wp:term":[{"taxonomy":"category","embeddable":true,"href":"https:\/\/cebilbilitanos.com\/index.php?rest_route=%2Fwp%2Fv2%2Fcategories&post=2042"},{"taxonomy":"post_tag","embeddable":true,"href":"https:\/\/cebilbilitanos.com\/index.php?rest_route=%2Fwp%2Fv2%2Ftags&post=2042"}],"curies":[{"name":"wp","href":"https:\/\/api.w.org\/{rel}","templated":true}]}}