{"id":2037,"date":"2018-01-29T12:04:00","date_gmt":"2018-01-29T12:04:00","guid":{"rendered":"http:\/\/cebilbilitanos.com\/?p=2037"},"modified":"2018-01-29T12:04:00","modified_gmt":"2018-01-29T12:04:00","slug":"archivo-fotografico-de-rafael-marin-escartin","status":"publish","type":"post","link":"https:\/\/cebilbilitanos.com\/?p=2037","title":{"rendered":"Archivo fotogr\u00e1fico de Rafael Mar\u00edn Escart\u00edn"},"content":{"rendered":"<p>Hace unos meses, M\u00aa Carmen Mar\u00edn Mar\u00edn, hija de de <strong>Rafael Mar\u00edn Escart\u00edn<\/strong>, cedi\u00f3 al Centro de Estudios Bilbilitanos su archivo fotogr\u00e1fico. Rafael Mar\u00edn fue un aficionado a la fotograf\u00eda que hab\u00eda recogido a lo largo de su vida interesantes instant\u00e1neas sobre Calatayud. Ahora el archivo ya est\u00e1 digitalizado y a disposici\u00f3n de los investigadores.<\/p>\n<div id=\"attachment_2039\" style=\"width: 810px\" class=\"wp-caption aligncenter\"><img aria-describedby=\"caption-attachment-2039\" decoding=\"async\" loading=\"lazy\" class=\"size-full wp-image-2039\" src=\"http:\/\/cebilbilitanos.com\/wp-content\/uploads\/2018\/01\/pRafael-Mar\u00edn-Escart\u00edn-Convento-de-Dominicas.jpg\" alt=\"\" width=\"800\" height=\"538\" srcset=\"https:\/\/cebilbilitanos.com\/wp-content\/uploads\/2018\/01\/pRafael-Mar\u00edn-Escart\u00edn-Convento-de-Dominicas.jpg 800w, https:\/\/cebilbilitanos.com\/wp-content\/uploads\/2018\/01\/pRafael-Mar\u00edn-Escart\u00edn-Convento-de-Dominicas-300x202.jpg 300w, https:\/\/cebilbilitanos.com\/wp-content\/uploads\/2018\/01\/pRafael-Mar\u00edn-Escart\u00edn-Convento-de-Dominicas-768x516.jpg 768w\" sizes=\"(max-width: 800px) 100vw, 800px\" \/><p id=\"caption-attachment-2039\" class=\"wp-caption-text\">Rafael Mar\u00edn Escart\u00edn. Convento de Dominicas<\/p><\/div>\n<p>Sus fotograf\u00edas son un testimonio \u00fanico de los cambios experimentados en la ciudad de Calatayud, sobre todo en las d\u00e9cadas de los a\u00f1os setenta y ochenta, aunque el conjunto de sus fotograf\u00edas abarca un per\u00edodo mayor.<\/p>\n<p>Gracias a esta labor documental, podemos reconstruir aspectos in\u00e9ditos de Calatayud, como las interminables obras en las calles, el deterioro de muchos edificios, la celebraci\u00f3n de fiestas tradicionales o el estado de los principales monumentos bilbilitanos.<\/p>\n<div id=\"attachment_2038\" style=\"width: 810px\" class=\"wp-caption aligncenter\"><img aria-describedby=\"caption-attachment-2038\" decoding=\"async\" loading=\"lazy\" class=\"size-full wp-image-2038\" src=\"http:\/\/cebilbilitanos.com\/wp-content\/uploads\/2018\/01\/pRafael-Mar\u00edn-Escart\u00edn-Calle-deCalatayud.-Derrumbe.-18-2-85.jpg\" alt=\"\" width=\"800\" height=\"1182\" srcset=\"https:\/\/cebilbilitanos.com\/wp-content\/uploads\/2018\/01\/pRafael-Mar\u00edn-Escart\u00edn-Calle-deCalatayud.-Derrumbe.-18-2-85.jpg 800w, https:\/\/cebilbilitanos.com\/wp-content\/uploads\/2018\/01\/pRafael-Mar\u00edn-Escart\u00edn-Calle-deCalatayud.-Derrumbe.-18-2-85-203x300.jpg 203w, https:\/\/cebilbilitanos.com\/wp-content\/uploads\/2018\/01\/pRafael-Mar\u00edn-Escart\u00edn-Calle-deCalatayud.-Derrumbe.-18-2-85-768x1135.jpg 768w, https:\/\/cebilbilitanos.com\/wp-content\/uploads\/2018\/01\/pRafael-Mar\u00edn-Escart\u00edn-Calle-deCalatayud.-Derrumbe.-18-2-85-693x1024.jpg 693w\" sizes=\"(max-width: 800px) 100vw, 800px\" \/><p id=\"caption-attachment-2038\" class=\"wp-caption-text\">Rafael Mar\u00edn Escart\u00edn: Calle deCalatayud. Derrumbe.<\/p><\/div>\n<p>El Centro de Estudios Bilbilitanos contin\u00faa el proceso de organizaci\u00f3n de su <strong>Archivo Fotogr\u00e1fico Digital<\/strong>, de forma que pueda estar disponible para su consulta en el menor plazo de tiempo posible.<\/p>\n","protected":false},"excerpt":{"rendered":"<p>Hace unos meses, M\u00aa Carmen Mar\u00edn Mar\u00edn, hija de de Rafael Mar\u00edn Escart\u00edn, cedi\u00f3 al Centro de Estudios Bilbilitanos su archivo fotogr\u00e1fico. Rafael Mar\u00edn fue un aficionado a la fotograf\u00eda que hab\u00eda recogido a lo largo de su vida interesantes &hellip; <a href=\"https:\/\/cebilbilitanos.com\/?p=2037\">Sigue leyendo <span class=\"meta-nav\">&rarr;<\/span><\/a><\/p>\n","protected":false},"author":1,"featured_media":0,"comment_status":"open","ping_status":"open","sticky":false,"template":"","format":"standard","meta":[],"categories":[23],"tags":[],"_links":{"self":[{"href":"https:\/\/cebilbilitanos.com\/index.php?rest_route=\/wp\/v2\/posts\/2037"}],"collection":[{"href":"https:\/\/cebilbilitanos.com\/index.php?rest_route=\/wp\/v2\/posts"}],"about":[{"href":"https:\/\/cebilbilitanos.com\/index.php?rest_route=\/wp\/v2\/types\/post"}],"author":[{"embeddable":true,"href":"https:\/\/cebilbilitanos.com\/index.php?rest_route=\/wp\/v2\/users\/1"}],"replies":[{"embeddable":true,"href":"https:\/\/cebilbilitanos.com\/index.php?rest_route=%2Fwp%2Fv2%2Fcomments&post=2037"}],"version-history":[{"count":1,"href":"https:\/\/cebilbilitanos.com\/index.php?rest_route=\/wp\/v2\/posts\/2037\/revisions"}],"predecessor-version":[{"id":2040,"href":"https:\/\/cebilbilitanos.com\/index.php?rest_route=\/wp\/v2\/posts\/2037\/revisions\/2040"}],"wp:attachment":[{"href":"https:\/\/cebilbilitanos.com\/index.php?rest_route=%2Fwp%2Fv2%2Fmedia&parent=2037"}],"wp:term":[{"taxonomy":"category","embeddable":true,"href":"https:\/\/cebilbilitanos.com\/index.php?rest_route=%2Fwp%2Fv2%2Fcategories&post=2037"},{"taxonomy":"post_tag","embeddable":true,"href":"https:\/\/cebilbilitanos.com\/index.php?rest_route=%2Fwp%2Fv2%2Ftags&post=2037"}],"curies":[{"name":"wp","href":"https:\/\/api.w.org\/{rel}","templated":true}]}}