{"id":2033,"date":"2018-01-23T11:14:13","date_gmt":"2018-01-23T11:14:13","guid":{"rendered":"http:\/\/cebilbilitanos.com\/?p=2033"},"modified":"2018-01-23T11:17:47","modified_gmt":"2018-01-23T11:17:47","slug":"hogueras-de-invierno","status":"publish","type":"post","link":"https:\/\/cebilbilitanos.com\/?p=2033","title":{"rendered":"HOGUERAS DE INVIERNO"},"content":{"rendered":"<p><strong>Jos\u00e9 \u00c1ngel Urzay Barrios<\/strong><\/p>\n<p><em>El Centro de Estudios Bilbilitanos se ha propuesto profundizar en la<\/em><br \/>\n<em>investigaci\u00f3n del patrimonio inmaterial de la comarca. Las cofrad\u00edas tradicionales<\/em><br \/>\n<em>forman parte del tejido asociativo de todas nuestras localidades. Su origen se pierde en<\/em><br \/>\n<em>la historia de nuestra comunidad. Queremos documentar su presencia actual en la<\/em><br \/>\n<em>sociedad y ver c\u00f3mo se han adaptado a las nuevas realidades sociales.<\/em><br \/>\n<em>Son d\u00edas de hogueras y fiestas de santos de invierno por las localidades: San<\/em><br \/>\n<em>Ant\u00f3n, San Sebasti\u00e1n, San Valero. Como ejemplo de ellas, recogemos una breve cr\u00f3nica<\/em><br \/>\n<em>de la fiesta de San Ant\u00f3n de Calatayud de 2018, con textos de Manuel Casado L\u00f3pez y<\/em><br \/>\n<em>fotograf\u00edas de Jes\u00fas Macipe Roy.<\/em><\/p>\n<div id=\"attachment_2035\" style=\"width: 1681px\" class=\"wp-caption aligncenter\"><img aria-describedby=\"caption-attachment-2035\" decoding=\"async\" loading=\"lazy\" class=\"size-full wp-image-2035\" src=\"http:\/\/cebilbilitanos.com\/wp-content\/uploads\/2018\/01\/2.-Jes\u00fas-Macipe-Roy-Hoguera-San-Ant\u00f3n.jpg\" alt=\"\" width=\"1671\" height=\"1181\" srcset=\"https:\/\/cebilbilitanos.com\/wp-content\/uploads\/2018\/01\/2.-Jes\u00fas-Macipe-Roy-Hoguera-San-Ant\u00f3n.jpg 1671w, https:\/\/cebilbilitanos.com\/wp-content\/uploads\/2018\/01\/2.-Jes\u00fas-Macipe-Roy-Hoguera-San-Ant\u00f3n-300x212.jpg 300w, https:\/\/cebilbilitanos.com\/wp-content\/uploads\/2018\/01\/2.-Jes\u00fas-Macipe-Roy-Hoguera-San-Ant\u00f3n-768x543.jpg 768w, https:\/\/cebilbilitanos.com\/wp-content\/uploads\/2018\/01\/2.-Jes\u00fas-Macipe-Roy-Hoguera-San-Ant\u00f3n-1024x724.jpg 1024w\" sizes=\"(max-width: 1671px) 100vw, 1671px\" \/><p id=\"caption-attachment-2035\" class=\"wp-caption-text\">Jes\u00fas Macipe Roy Hoguera San Ant\u00f3n<\/p><\/div>\n<p>El fin de semana pasado, la cofrad\u00eda de San Ant\u00f3n de Calatayud present\u00f3 su<br \/>\nfiesta tradicional. La v\u00edspera se encendi\u00f3 una hoguera en el espacio posterior de la<br \/>\nVirgen de la Pe\u00f1a. All\u00ed los cofrades e invitados cenaron a escote. A la ma\u00f1ana siguiente,<br \/>\ndespu\u00e9s de la misa, se bendijeron los campos desde la explanada del santuario.<br \/>\nSeguidamente, fueron bendecidos los animales: caballer\u00edas y otras mascotas. Los<br \/>\nasistentes fueron obsequiados con un trozo de torta y vino dulce. Hubo comida de<br \/>\nHermandad.<\/p>\n<div id=\"attachment_2034\" style=\"width: 1654px\" class=\"wp-caption aligncenter\"><img aria-describedby=\"caption-attachment-2034\" decoding=\"async\" loading=\"lazy\" class=\"size-full wp-image-2034\" src=\"http:\/\/cebilbilitanos.com\/wp-content\/uploads\/2018\/01\/1.-Jes\u00fas-Macipe-Roy-Procesi\u00f3n-San-Ant\u00f3n.jpg\" alt=\"\" width=\"1644\" height=\"1181\" srcset=\"https:\/\/cebilbilitanos.com\/wp-content\/uploads\/2018\/01\/1.-Jes\u00fas-Macipe-Roy-Procesi\u00f3n-San-Ant\u00f3n.jpg 1644w, https:\/\/cebilbilitanos.com\/wp-content\/uploads\/2018\/01\/1.-Jes\u00fas-Macipe-Roy-Procesi\u00f3n-San-Ant\u00f3n-300x216.jpg 300w, https:\/\/cebilbilitanos.com\/wp-content\/uploads\/2018\/01\/1.-Jes\u00fas-Macipe-Roy-Procesi\u00f3n-San-Ant\u00f3n-768x552.jpg 768w, https:\/\/cebilbilitanos.com\/wp-content\/uploads\/2018\/01\/1.-Jes\u00fas-Macipe-Roy-Procesi\u00f3n-San-Ant\u00f3n-1024x736.jpg 1024w\" sizes=\"(max-width: 1644px) 100vw, 1644px\" \/><p id=\"caption-attachment-2034\" class=\"wp-caption-text\">Jes\u00fas Macipe Roy Procesi\u00f3n San Ant\u00f3n<\/p><\/div>\n<p>El d\u00eda de difuntos, despu\u00e9s de la misa, se hizo el cambio de preboste. El saliente<br \/>\ndirigi\u00f3 unas palabras a los hermanos y pidi\u00f3 perd\u00f3n por las posibles faltas cometidas.<br \/>\nPas\u00f3 la capa, el medall\u00f3n, la vara y el santo al siguiente, elegido por lista. Fue una<br \/>\nceremonia muy emotiva que se celebr\u00f3 en el altar mayor del templo.<\/p>\n","protected":false},"excerpt":{"rendered":"<p>Jos\u00e9 \u00c1ngel Urzay Barrios El Centro de Estudios Bilbilitanos se ha propuesto profundizar en la investigaci\u00f3n del patrimonio inmaterial de la comarca. Las cofrad\u00edas tradicionales forman parte del tejido asociativo de todas nuestras localidades. Su origen se pierde en la &hellip; <a href=\"https:\/\/cebilbilitanos.com\/?p=2033\">Sigue leyendo <span class=\"meta-nav\">&rarr;<\/span><\/a><\/p>\n","protected":false},"author":1,"featured_media":0,"comment_status":"open","ping_status":"open","sticky":false,"template":"","format":"standard","meta":[],"categories":[23],"tags":[],"_links":{"self":[{"href":"https:\/\/cebilbilitanos.com\/index.php?rest_route=\/wp\/v2\/posts\/2033"}],"collection":[{"href":"https:\/\/cebilbilitanos.com\/index.php?rest_route=\/wp\/v2\/posts"}],"about":[{"href":"https:\/\/cebilbilitanos.com\/index.php?rest_route=\/wp\/v2\/types\/post"}],"author":[{"embeddable":true,"href":"https:\/\/cebilbilitanos.com\/index.php?rest_route=\/wp\/v2\/users\/1"}],"replies":[{"embeddable":true,"href":"https:\/\/cebilbilitanos.com\/index.php?rest_route=%2Fwp%2Fv2%2Fcomments&post=2033"}],"version-history":[{"count":1,"href":"https:\/\/cebilbilitanos.com\/index.php?rest_route=\/wp\/v2\/posts\/2033\/revisions"}],"predecessor-version":[{"id":2036,"href":"https:\/\/cebilbilitanos.com\/index.php?rest_route=\/wp\/v2\/posts\/2033\/revisions\/2036"}],"wp:attachment":[{"href":"https:\/\/cebilbilitanos.com\/index.php?rest_route=%2Fwp%2Fv2%2Fmedia&parent=2033"}],"wp:term":[{"taxonomy":"category","embeddable":true,"href":"https:\/\/cebilbilitanos.com\/index.php?rest_route=%2Fwp%2Fv2%2Fcategories&post=2033"},{"taxonomy":"post_tag","embeddable":true,"href":"https:\/\/cebilbilitanos.com\/index.php?rest_route=%2Fwp%2Fv2%2Ftags&post=2033"}],"curies":[{"name":"wp","href":"https:\/\/api.w.org\/{rel}","templated":true}]}}