{"id":2023,"date":"2017-12-21T08:24:01","date_gmt":"2017-12-21T08:24:01","guid":{"rendered":"http:\/\/cebilbilitanos.com\/?p=2023"},"modified":"2017-12-21T08:24:01","modified_gmt":"2017-12-21T08:24:01","slug":"presentacion-de-la-guia-de-mariposas-diurnas-de-la-comunidad-de-calatayud","status":"publish","type":"post","link":"https:\/\/cebilbilitanos.com\/?p=2023","title":{"rendered":"Presentaci\u00f3n de la gu\u00eda de mariposas diurnas  de la Comunidad de Calatayud"},"content":{"rendered":"<p>Francisco Tobajas Gallego<\/p>\n<p>El d\u00eda 14 de diciembre de 2017, en el Sal\u00f3n Multiusos de la Comarca Comunidad de Calatayud, tuvo lugar la presentaci\u00f3n de la <em>Gu\u00eda de las mariposas diurnas de la Comunidad de Calatayud<\/em>, de Alfonso Corrale\u00f1o, que ha sido editado por el Centro de Estudios Bilbilitanos y la Comarca Comunidad de Calatayud.<\/p>\n<p>Alfonso Corrale\u00f1o estuvo acompa\u00f1ado por Ram\u00f3n Duce, Jos\u00e9 F\u00e9lix Lajusticia, presidente y vicepresidente de la Comarca Comunidad de Calatayud, y por Jos\u00e9 \u00c1ngel Urzay, presidente del Centro de Estudios Bilbilitanos.<\/p>\n<p>El autor afirm\u00f3 que la Comarca Comunidad de Calatayud pose\u00eda una gran riqueza y variedad de mariposas, lo que supon\u00eda un\u00a0 44% de todas las especies censadas en la Pen\u00ednsula Ib\u00e9rica. Junto a otros colegas, Alfonso ha descrito tres nuevas especies de mariposas del g\u00e9nero <em>Iberodorcadion<\/em>. Esta interesante gu\u00eda contiene los resultados de trabajo de campo que ha llevado a cabo durante m\u00e1s de treinta a\u00f1os.<\/p>\n<p>Las mariposas, junto a otros insectos, est\u00e1n en franca recesi\u00f3n, debido fundamentalmente a las consecuencias producidas por el cambio clim\u00e1tico, ya que la temperatura de su cuerpo est\u00e1 condicionada por la temperatura ambiental. El desarrollo de las orugas de las mariposas depende tambi\u00e9n de la existencia de unas determinadas plantas nutricias. Desde la d\u00e9cada de los a\u00f1os noventa del pasado siglo, se ha constatado la desaparici\u00f3n de varias especies esteparias ligadas a las gram\u00edneas.<\/p>\n<p>Las fichas de esta gu\u00eda describen a un centenar de ejemplares pertenecientes a media docena de familias, indicando su distribuci\u00f3n, la \u00e9poca del vuelo y la vulnerabilidad de cada especie siempre relativa a esta comarca.<\/p>\n<p>El fot\u00f3grafo Miguel \u00c1ngel G\u00f3mez Moreno ha acompa\u00f1ado al autor para fotograf\u00edas in situ a los ejemplares que se pueden contemplar en esta gu\u00eda.<\/p>\n","protected":false},"excerpt":{"rendered":"<p>Francisco Tobajas Gallego El d\u00eda 14 de diciembre de 2017, en el Sal\u00f3n Multiusos de la Comarca Comunidad de Calatayud, tuvo lugar la presentaci\u00f3n de la Gu\u00eda de las mariposas diurnas de la Comunidad de Calatayud, de Alfonso Corrale\u00f1o, que &hellip; <a href=\"https:\/\/cebilbilitanos.com\/?p=2023\">Sigue leyendo <span class=\"meta-nav\">&rarr;<\/span><\/a><\/p>\n","protected":false},"author":1,"featured_media":0,"comment_status":"open","ping_status":"open","sticky":false,"template":"","format":"standard","meta":[],"categories":[23],"tags":[6,10,11],"_links":{"self":[{"href":"https:\/\/cebilbilitanos.com\/index.php?rest_route=\/wp\/v2\/posts\/2023"}],"collection":[{"href":"https:\/\/cebilbilitanos.com\/index.php?rest_route=\/wp\/v2\/posts"}],"about":[{"href":"https:\/\/cebilbilitanos.com\/index.php?rest_route=\/wp\/v2\/types\/post"}],"author":[{"embeddable":true,"href":"https:\/\/cebilbilitanos.com\/index.php?rest_route=\/wp\/v2\/users\/1"}],"replies":[{"embeddable":true,"href":"https:\/\/cebilbilitanos.com\/index.php?rest_route=%2Fwp%2Fv2%2Fcomments&post=2023"}],"version-history":[{"count":1,"href":"https:\/\/cebilbilitanos.com\/index.php?rest_route=\/wp\/v2\/posts\/2023\/revisions"}],"predecessor-version":[{"id":2024,"href":"https:\/\/cebilbilitanos.com\/index.php?rest_route=\/wp\/v2\/posts\/2023\/revisions\/2024"}],"wp:attachment":[{"href":"https:\/\/cebilbilitanos.com\/index.php?rest_route=%2Fwp%2Fv2%2Fmedia&parent=2023"}],"wp:term":[{"taxonomy":"category","embeddable":true,"href":"https:\/\/cebilbilitanos.com\/index.php?rest_route=%2Fwp%2Fv2%2Fcategories&post=2023"},{"taxonomy":"post_tag","embeddable":true,"href":"https:\/\/cebilbilitanos.com\/index.php?rest_route=%2Fwp%2Fv2%2Ftags&post=2023"}],"curies":[{"name":"wp","href":"https:\/\/api.w.org\/{rel}","templated":true}]}}