{"id":2019,"date":"2017-12-07T12:14:08","date_gmt":"2017-12-07T12:14:08","guid":{"rendered":"http:\/\/cebilbilitanos.com\/?p=2019"},"modified":"2017-12-07T12:14:08","modified_gmt":"2017-12-07T12:14:08","slug":"guia-de-las-mariposas-diurnas-de-la-comunidad-de-calatayud","status":"publish","type":"post","link":"https:\/\/cebilbilitanos.com\/?p=2019","title":{"rendered":"Gu\u00eda de las mariposas diurnas de la Comunidad de Calatayud"},"content":{"rendered":"<p><img decoding=\"async\" loading=\"lazy\" class=\"aligncenter size-full wp-image-2020\" src=\"http:\/\/cebilbilitanos.com\/wp-content\/uploads\/2017\/12\/cartelmariposas.jpg\" alt=\"\" width=\"577\" height=\"819\" srcset=\"https:\/\/cebilbilitanos.com\/wp-content\/uploads\/2017\/12\/cartelmariposas.jpg 577w, https:\/\/cebilbilitanos.com\/wp-content\/uploads\/2017\/12\/cartelmariposas-211x300.jpg 211w\" sizes=\"(max-width: 577px) 100vw, 577px\" \/><\/p>\n<p>Presentaci\u00f3n del libro:<\/p>\n<p><strong><em>Gu\u00eda de las mariposas diurnas de la Comunidad de Calatayud<\/em><\/strong><\/p>\n<p>El jueves, 14 de diciembre de 2017, a las 20 horas se presentar\u00e1 el libro<strong><em> Gu\u00eda de las mariposas diurnas de la Comunidad de Calatayud <\/em><\/strong>de Alfonso Corrale\u00f1o I\u00f1arra, en la sala multiusos de la Comunidad de Calatayud, en un acto organizado conjuntamente por la Comarca de Calatayud y el Centro de Estudios Bilbilitanos.<\/p>\n<p>El autor de esta gu\u00eda, Alfonso Corrale\u00f1o, es un entom\u00f3logo que conoce todos los rincones de la comarca y ha desarrollado un recorrido completo por todos ellos para conocer el estado actual de las mariposas, un orden de insectos de belleza espectacular y que todos a\u00f1os anuncian el inicio de la primavera. La gu\u00eda contiene los resultados de trabajo de campo del autor durante m\u00e1s de 30 a\u00f1os y su finalidad es que cualquier amante de la naturaleza pueda identificar las diferentes especies de mariposas diurnas y conocer el grado de vulnerabilidad en que se encuentran dentro de la Comunidad de Calatayud, as\u00ed como la necesidad de preservar sus h\u00e1bitats.<\/p>\n","protected":false},"excerpt":{"rendered":"<p>Presentaci\u00f3n del libro: Gu\u00eda de las mariposas diurnas de la Comunidad de Calatayud El jueves, 14 de diciembre de 2017, a las 20 horas se presentar\u00e1 el libro Gu\u00eda de las mariposas diurnas de la Comunidad de Calatayud de Alfonso &hellip; <a href=\"https:\/\/cebilbilitanos.com\/?p=2019\">Sigue leyendo <span class=\"meta-nav\">&rarr;<\/span><\/a><\/p>\n","protected":false},"author":1,"featured_media":0,"comment_status":"open","ping_status":"open","sticky":false,"template":"","format":"standard","meta":[],"categories":[28,23,30],"tags":[6,45,7,10],"_links":{"self":[{"href":"https:\/\/cebilbilitanos.com\/index.php?rest_route=\/wp\/v2\/posts\/2019"}],"collection":[{"href":"https:\/\/cebilbilitanos.com\/index.php?rest_route=\/wp\/v2\/posts"}],"about":[{"href":"https:\/\/cebilbilitanos.com\/index.php?rest_route=\/wp\/v2\/types\/post"}],"author":[{"embeddable":true,"href":"https:\/\/cebilbilitanos.com\/index.php?rest_route=\/wp\/v2\/users\/1"}],"replies":[{"embeddable":true,"href":"https:\/\/cebilbilitanos.com\/index.php?rest_route=%2Fwp%2Fv2%2Fcomments&post=2019"}],"version-history":[{"count":1,"href":"https:\/\/cebilbilitanos.com\/index.php?rest_route=\/wp\/v2\/posts\/2019\/revisions"}],"predecessor-version":[{"id":2021,"href":"https:\/\/cebilbilitanos.com\/index.php?rest_route=\/wp\/v2\/posts\/2019\/revisions\/2021"}],"wp:attachment":[{"href":"https:\/\/cebilbilitanos.com\/index.php?rest_route=%2Fwp%2Fv2%2Fmedia&parent=2019"}],"wp:term":[{"taxonomy":"category","embeddable":true,"href":"https:\/\/cebilbilitanos.com\/index.php?rest_route=%2Fwp%2Fv2%2Fcategories&post=2019"},{"taxonomy":"post_tag","embeddable":true,"href":"https:\/\/cebilbilitanos.com\/index.php?rest_route=%2Fwp%2Fv2%2Ftags&post=2019"}],"curies":[{"name":"wp","href":"https:\/\/api.w.org\/{rel}","templated":true}]}}