{"id":1997,"date":"2017-11-13T20:47:35","date_gmt":"2017-11-13T20:47:35","guid":{"rendered":"http:\/\/cebilbilitanos.com\/?p=1997"},"modified":"2017-11-13T20:47:35","modified_gmt":"2017-11-13T20:47:35","slug":"el-historiador-en-la-era-de-la-posverdad","status":"publish","type":"post","link":"https:\/\/cebilbilitanos.com\/?p=1997","title":{"rendered":"El historiador en la era de la posverdad"},"content":{"rendered":"<p><strong>El historiador en la era de la posverdad<\/strong><\/p>\n<p><strong>Vicente de la Fuente<\/strong><\/p>\n<p><em>Homenaje en el bicentenario de su nacimiento<\/em><\/p>\n<p>El Centro de Estudios Bilbilitanos y el Centro Asociado de la UNED en Calatayud han organizado conjuntamente un curso sobre la figura del escritor bilbilitano Vicente de la Fuente y la historia de Calatayud, los d\u00edas 24 y 25 de noviembre, en el Sal\u00f3n de Actos de la UNED. Adem\u00e1s, el curso aborda\u00a0 las nuevas formas de transmitir la historia. Adjuntamos el programa.<\/p>\n<p><a href=\"http:\/\/cebilbilitanos.com\/wp-content\/uploads\/2017\/11\/PROGRAMA-HISTORIADORES.indd_.pdf\">DESCARGAR PROGRAMA<\/a><\/p>\n<p><img decoding=\"async\" loading=\"lazy\" class=\"aligncenter size-full wp-image-1998\" src=\"http:\/\/cebilbilitanos.com\/wp-content\/uploads\/2017\/11\/PROGRAMA-HISTORIADORES.jpg\" alt=\"\" width=\"1200\" height=\"5090\" srcset=\"https:\/\/cebilbilitanos.com\/wp-content\/uploads\/2017\/11\/PROGRAMA-HISTORIADORES.jpg 1200w, https:\/\/cebilbilitanos.com\/wp-content\/uploads\/2017\/11\/PROGRAMA-HISTORIADORES-71x300.jpg 71w, https:\/\/cebilbilitanos.com\/wp-content\/uploads\/2017\/11\/PROGRAMA-HISTORIADORES-768x3258.jpg 768w\" sizes=\"(max-width: 1200px) 100vw, 1200px\" \/><\/p>\n","protected":false},"excerpt":{"rendered":"<p>El historiador en la era de la posverdad Vicente de la Fuente Homenaje en el bicentenario de su nacimiento El Centro de Estudios Bilbilitanos y el Centro Asociado de la UNED en Calatayud han organizado conjuntamente un curso sobre la &hellip; <a href=\"https:\/\/cebilbilitanos.com\/?p=1997\">Sigue leyendo <span class=\"meta-nav\">&rarr;<\/span><\/a><\/p>\n","protected":false},"author":1,"featured_media":0,"comment_status":"open","ping_status":"open","sticky":false,"template":"","format":"standard","meta":[],"categories":[28,23],"tags":[39],"_links":{"self":[{"href":"https:\/\/cebilbilitanos.com\/index.php?rest_route=\/wp\/v2\/posts\/1997"}],"collection":[{"href":"https:\/\/cebilbilitanos.com\/index.php?rest_route=\/wp\/v2\/posts"}],"about":[{"href":"https:\/\/cebilbilitanos.com\/index.php?rest_route=\/wp\/v2\/types\/post"}],"author":[{"embeddable":true,"href":"https:\/\/cebilbilitanos.com\/index.php?rest_route=\/wp\/v2\/users\/1"}],"replies":[{"embeddable":true,"href":"https:\/\/cebilbilitanos.com\/index.php?rest_route=%2Fwp%2Fv2%2Fcomments&post=1997"}],"version-history":[{"count":1,"href":"https:\/\/cebilbilitanos.com\/index.php?rest_route=\/wp\/v2\/posts\/1997\/revisions"}],"predecessor-version":[{"id":2000,"href":"https:\/\/cebilbilitanos.com\/index.php?rest_route=\/wp\/v2\/posts\/1997\/revisions\/2000"}],"wp:attachment":[{"href":"https:\/\/cebilbilitanos.com\/index.php?rest_route=%2Fwp%2Fv2%2Fmedia&parent=1997"}],"wp:term":[{"taxonomy":"category","embeddable":true,"href":"https:\/\/cebilbilitanos.com\/index.php?rest_route=%2Fwp%2Fv2%2Fcategories&post=1997"},{"taxonomy":"post_tag","embeddable":true,"href":"https:\/\/cebilbilitanos.com\/index.php?rest_route=%2Fwp%2Fv2%2Ftags&post=1997"}],"curies":[{"name":"wp","href":"https:\/\/api.w.org\/{rel}","templated":true}]}}