{"id":1994,"date":"2017-11-06T15:59:20","date_gmt":"2017-11-06T15:59:20","guid":{"rendered":"http:\/\/cebilbilitanos.com\/?p=1994"},"modified":"2017-11-06T15:59:20","modified_gmt":"2017-11-06T15:59:20","slug":"presentacion-del-libro-asentamientos-historicos-en-la-comunidad-de-calatayud","status":"publish","type":"post","link":"https:\/\/cebilbilitanos.com\/?p=1994","title":{"rendered":"PRESENTACI\u00d3N DEL LIBRO ASENTAMIENTOS HIST\u00d3RICOS EN LA COMUNIDAD DE CALATAYUD"},"content":{"rendered":"<p><img decoding=\"async\" loading=\"lazy\" class=\"aligncenter size-full wp-image-1995\" src=\"http:\/\/cebilbilitanos.com\/wp-content\/uploads\/2017\/11\/FOTO-DIA-PRESENTACION.jpg\" alt=\"\" width=\"800\" height=\"600\" srcset=\"https:\/\/cebilbilitanos.com\/wp-content\/uploads\/2017\/11\/FOTO-DIA-PRESENTACION.jpg 800w, https:\/\/cebilbilitanos.com\/wp-content\/uploads\/2017\/11\/FOTO-DIA-PRESENTACION-300x225.jpg 300w, https:\/\/cebilbilitanos.com\/wp-content\/uploads\/2017\/11\/FOTO-DIA-PRESENTACION-768x576.jpg 768w\" sizes=\"(max-width: 800px) 100vw, 800px\" \/><\/p>\n<p>Francisco Tobajas Gallego<\/p>\n<p>En el Sal\u00f3n Multiusos de la sede de la Comarca Comunidad de Calatayud, se present\u00f3 el d\u00eda 2 de noviembre de 2017 el libro <em>Asentamientos hist\u00f3ricos en la Comunidad de Calatayud<\/em>, de Joaqu\u00edn Melendo Pomareta, que ha sido editado por el Centro de Estudios Bilbilitanos, la Comunidad de Calatayud y la Diputaci\u00f3n de Zaragoza. El autor estuvo acompa\u00f1ado por el Presidente de la Comarca Comunidad de Calatayud, Ram\u00f3n Duce, el vicepresidente Jos\u00e9 F\u00e9lix Lajusticia, y el Presidente del Centro de Estudios Bilbilitanos, Jos\u00e9 \u00c1ngel Urzay.<\/p>\n<p>Joaqu\u00edn Melendo apunt\u00f3 que Calatayud y su tierra, a la que dio Alfonso I su Fuero en 1131, compon\u00eda un territorio m\u00e1s extenso que el que actualmente conforma la Comarca Comunidad de Calatayud, pues a \u00e9l pertenecieron poblaciones que forman parte de otras comarcas aragonesas y aun castellanas, pertenecientes a las provincias de Soria y Guadalajara.<\/p>\n<p>Como consecuencia de la reconquista cristiana, muchas de estas tierras ocupadas por los musulmanes quedaron desiertas, ofreciendo el Fuero de Calatayud amplios privilegios a sus nuevos pobladores. Tambi\u00e9n las continuas guerras que se fueron produciendo a lo largo de la Edad Media entre Arag\u00f3n y Castilla, provocaron el abandono de algunos de estos lugares de poblaci\u00f3n. Otro tanto ocurri\u00f3 como consecuencia de las guerras con Castilla en el siglo XV.<\/p>\n<p>A partir de entonces estas poblaciones se fueron consolidando muy lentamente, con continuos altibajos, hasta llegar la mayor\u00eda de ellas al siglo XX, donde alcanzaron su techo de poblaci\u00f3n. Ya en la segunda mitad de este siglo comenz\u00f3 un continuo \u00e9xodo rural a las ciudades, que dio lugar a nuevos despoblados.<\/p>\n<p>Para llevar a cabo este libro, Joaqu\u00edn Melendo ha llevado a cabo un importante trabajo de campo, que ha sido acompa\u00f1ado de un minucioso estudio de documentos y fuentes bibliogr\u00e1ficas, para darnos a conocer las vicisitudes de diferentes formas de poblaci\u00f3n, dispuestas en forma de localidades, barrios, pedan\u00edas, despoblados, juder\u00edas y morer\u00edas, que sufrieron su abandono con la expulsi\u00f3n de sus pobladores en 1492 y 1610, alquer\u00edas, caser\u00edos, granjas, pertenecientes a los Monasterios de Piedra y de Santa Mar\u00eda de Huerta, y ventas, cuya existencia al borde los caminos, nos ayudan a comprender la extensa red de caminos reales de esta Comarca.<\/p>\n<p>Adem\u00e1s del autor y del Centro de Estudios Bilbilitanos, que han cedido interesantes fotograf\u00edas al respecto, han colaborado los fot\u00f3grafos Luis Manuel Garc\u00eda Vic\u00e9n, Juan Jos\u00e9 Ceamanos Redondo, Miguel \u00c1ngel G\u00f3mez Moreno, Jos\u00e9 Luis Molina Remacha, Antonio Lajusticia Bueno y Jes\u00fas Macipe Roy.<\/p>\n<p>El libro se completa con un mapa que recoge los asentamientos hist\u00f3ricos m\u00e1s importantes de la Comarca.<\/p>\n","protected":false},"excerpt":{"rendered":"<p>Francisco Tobajas Gallego En el Sal\u00f3n Multiusos de la sede de la Comarca Comunidad de Calatayud, se present\u00f3 el d\u00eda 2 de noviembre de 2017 el libro Asentamientos hist\u00f3ricos en la Comunidad de Calatayud, de Joaqu\u00edn Melendo Pomareta, que ha &hellip; <a href=\"https:\/\/cebilbilitanos.com\/?p=1994\">Sigue leyendo <span class=\"meta-nav\">&rarr;<\/span><\/a><\/p>\n","protected":false},"author":1,"featured_media":0,"comment_status":"open","ping_status":"open","sticky":false,"template":"","format":"standard","meta":[],"categories":[23],"tags":[],"_links":{"self":[{"href":"https:\/\/cebilbilitanos.com\/index.php?rest_route=\/wp\/v2\/posts\/1994"}],"collection":[{"href":"https:\/\/cebilbilitanos.com\/index.php?rest_route=\/wp\/v2\/posts"}],"about":[{"href":"https:\/\/cebilbilitanos.com\/index.php?rest_route=\/wp\/v2\/types\/post"}],"author":[{"embeddable":true,"href":"https:\/\/cebilbilitanos.com\/index.php?rest_route=\/wp\/v2\/users\/1"}],"replies":[{"embeddable":true,"href":"https:\/\/cebilbilitanos.com\/index.php?rest_route=%2Fwp%2Fv2%2Fcomments&post=1994"}],"version-history":[{"count":1,"href":"https:\/\/cebilbilitanos.com\/index.php?rest_route=\/wp\/v2\/posts\/1994\/revisions"}],"predecessor-version":[{"id":1996,"href":"https:\/\/cebilbilitanos.com\/index.php?rest_route=\/wp\/v2\/posts\/1994\/revisions\/1996"}],"wp:attachment":[{"href":"https:\/\/cebilbilitanos.com\/index.php?rest_route=%2Fwp%2Fv2%2Fmedia&parent=1994"}],"wp:term":[{"taxonomy":"category","embeddable":true,"href":"https:\/\/cebilbilitanos.com\/index.php?rest_route=%2Fwp%2Fv2%2Fcategories&post=1994"},{"taxonomy":"post_tag","embeddable":true,"href":"https:\/\/cebilbilitanos.com\/index.php?rest_route=%2Fwp%2Fv2%2Ftags&post=1994"}],"curies":[{"name":"wp","href":"https:\/\/api.w.org\/{rel}","templated":true}]}}