{"id":1989,"date":"2017-10-24T08:45:08","date_gmt":"2017-10-24T08:45:08","guid":{"rendered":"http:\/\/cebilbilitanos.com\/?p=1989"},"modified":"2017-10-24T08:51:13","modified_gmt":"2017-10-24T08:51:13","slug":"asentamientos-historicos-en-la-comunidad-de-calatayud-de-joaquin-melendo","status":"publish","type":"post","link":"https:\/\/cebilbilitanos.com\/?p=1989","title":{"rendered":"Asentamientos hist\u00f3ricos en la Comunidad de Calatayud, de Joaqu\u00edn Melendo"},"content":{"rendered":"<p><img decoding=\"async\" loading=\"lazy\" class=\"aligncenter size-full wp-image-1990\" src=\"http:\/\/cebilbilitanos.com\/wp-content\/uploads\/2017\/10\/melendo.jpg\" alt=\"\" width=\"580\" height=\"790\" srcset=\"https:\/\/cebilbilitanos.com\/wp-content\/uploads\/2017\/10\/melendo.jpg 580w, https:\/\/cebilbilitanos.com\/wp-content\/uploads\/2017\/10\/melendo-220x300.jpg 220w\" sizes=\"(max-width: 580px) 100vw, 580px\" \/><\/p>\n<p><strong>PRESENTACI\u00d3N DEL LIBRO\u00a0<\/strong><strong>ASENTAMIENTOS HIST\u00d3RICOS EN LA COMUNIDAD DE CALATAYUD<\/strong><\/p>\n<p><strong>JOAQU\u00cdN MELENDO POMARETA<\/strong><\/p>\n<p>El d\u00eda 2 de noviembre, jueves, a las ocho de la tarde, el Centro de Estudios Bilbilitanos y la comarca Comunidad de Calatayud presentar\u00e1n, en el sal\u00f3n multiusos de la sede de la Comunidad de Calatayud, el libro de <strong>Joaqu\u00edn Melendo Pomareta<\/strong> <em>Asentamientos hist\u00f3ricos en la Comunidad de Calatayud<\/em>, una exhaustiva investigaci\u00f3n sobre los diferentes asentamientos hist\u00f3ricos el territorio, en la que el autor ha \u00a0jerarquizado y ordenado la informaci\u00f3n disponible sobre ellos.<\/p>\n<p>El libro nos permite conocer los diferentes h\u00e1bitats poblacionales: localidades, barrios, pedan\u00edas, despoblados, ventas, juder\u00edas, morer\u00edas, alquer\u00edas, torres, caser\u00edos y granjas. La investigaci\u00f3n no se circunscribe al l\u00edmite actual de la comarca, sino que incluye oros asentamientos lim\u00edtrofes que en otras \u00e9pocas pertenecieron o estuvieron en el \u00e1rea de su influencia pol\u00edtica, social o econ\u00f3mica.<\/p>\n","protected":false},"excerpt":{"rendered":"<p>PRESENTACI\u00d3N DEL LIBRO\u00a0ASENTAMIENTOS HIST\u00d3RICOS EN LA COMUNIDAD DE CALATAYUD JOAQU\u00cdN MELENDO POMARETA El d\u00eda 2 de noviembre, jueves, a las ocho de la tarde, el Centro de Estudios Bilbilitanos y la comarca Comunidad de Calatayud presentar\u00e1n, en el sal\u00f3n multiusos &hellip; <a href=\"https:\/\/cebilbilitanos.com\/?p=1989\">Sigue leyendo <span class=\"meta-nav\">&rarr;<\/span><\/a><\/p>\n","protected":false},"author":1,"featured_media":0,"comment_status":"open","ping_status":"open","sticky":false,"template":"","format":"standard","meta":[],"categories":[28,23,30],"tags":[10,11],"_links":{"self":[{"href":"https:\/\/cebilbilitanos.com\/index.php?rest_route=\/wp\/v2\/posts\/1989"}],"collection":[{"href":"https:\/\/cebilbilitanos.com\/index.php?rest_route=\/wp\/v2\/posts"}],"about":[{"href":"https:\/\/cebilbilitanos.com\/index.php?rest_route=\/wp\/v2\/types\/post"}],"author":[{"embeddable":true,"href":"https:\/\/cebilbilitanos.com\/index.php?rest_route=\/wp\/v2\/users\/1"}],"replies":[{"embeddable":true,"href":"https:\/\/cebilbilitanos.com\/index.php?rest_route=%2Fwp%2Fv2%2Fcomments&post=1989"}],"version-history":[{"count":2,"href":"https:\/\/cebilbilitanos.com\/index.php?rest_route=\/wp\/v2\/posts\/1989\/revisions"}],"predecessor-version":[{"id":1992,"href":"https:\/\/cebilbilitanos.com\/index.php?rest_route=\/wp\/v2\/posts\/1989\/revisions\/1992"}],"wp:attachment":[{"href":"https:\/\/cebilbilitanos.com\/index.php?rest_route=%2Fwp%2Fv2%2Fmedia&parent=1989"}],"wp:term":[{"taxonomy":"category","embeddable":true,"href":"https:\/\/cebilbilitanos.com\/index.php?rest_route=%2Fwp%2Fv2%2Fcategories&post=1989"},{"taxonomy":"post_tag","embeddable":true,"href":"https:\/\/cebilbilitanos.com\/index.php?rest_route=%2Fwp%2Fv2%2Ftags&post=1989"}],"curies":[{"name":"wp","href":"https:\/\/api.w.org\/{rel}","templated":true}]}}