{"id":1986,"date":"2017-10-18T10:12:02","date_gmt":"2017-10-18T10:12:02","guid":{"rendered":"http:\/\/cebilbilitanos.com\/?p=1986"},"modified":"2017-10-18T10:12:02","modified_gmt":"2017-10-18T10:12:02","slug":"exposicion-vicente-de-la-fuente-vivo-en-la-historia-1817-1889","status":"publish","type":"post","link":"https:\/\/cebilbilitanos.com\/?p=1986","title":{"rendered":"Exposici\u00f3n \u00abVicente de la Fuente: vivo en la Historia (1817-1889)\u00bb"},"content":{"rendered":"<p>Una vez clausurada la \u00a0<a href=\"http:\/\/cebilbilitanos.com\/?p=1983\">exposici\u00f3n sobre la vida y obra de Vicente de la Fuente<\/a> en San Pedro de los Francos, el Centro de Estudios Bilbilitanos ha querido prorrogarla para todos aquellos que deseen visitarla. Para ello, ha sido habilitada la biblioteca de su sede, en la Puerta de Terrer, que albergar\u00e1 los 16 paneles que forman la exposici\u00f3n, hasta el d\u00eda 30 de noviembre.<\/p>\n<p><img decoding=\"async\" loading=\"lazy\" class=\"aligncenter size-full wp-image-1987\" src=\"http:\/\/cebilbilitanos.com\/wp-content\/uploads\/2017\/10\/exposici\u00f3n-biblioteca-CEB.jpg\" alt=\"\" width=\"800\" height=\"525\" srcset=\"https:\/\/cebilbilitanos.com\/wp-content\/uploads\/2017\/10\/exposici\u00f3n-biblioteca-CEB.jpg 800w, https:\/\/cebilbilitanos.com\/wp-content\/uploads\/2017\/10\/exposici\u00f3n-biblioteca-CEB-300x197.jpg 300w, https:\/\/cebilbilitanos.com\/wp-content\/uploads\/2017\/10\/exposici\u00f3n-biblioteca-CEB-768x504.jpg 768w\" sizes=\"(max-width: 800px) 100vw, 800px\" \/><\/p>\n<p>Quien est\u00e9 interesado, puede pasarse por el CEB, de lunes a jueves, en horario de 11 a 13 horas, para leer con tranquilidad el contenido de unos carteles que resumen fielmente la biograf\u00eda de este insigne historiador bilbilitano, uno de los creadores de la historia moderna de Espa\u00f1a.<\/p>\n","protected":false},"excerpt":{"rendered":"<p>Una vez clausurada la \u00a0exposici\u00f3n sobre la vida y obra de Vicente de la Fuente en San Pedro de los Francos, el Centro de Estudios Bilbilitanos ha querido prorrogarla para todos aquellos que deseen visitarla. Para ello, ha sido habilitada &hellip; <a href=\"https:\/\/cebilbilitanos.com\/?p=1986\">Sigue leyendo <span class=\"meta-nav\">&rarr;<\/span><\/a><\/p>\n","protected":false},"author":1,"featured_media":0,"comment_status":"open","ping_status":"open","sticky":false,"template":"","format":"standard","meta":[],"categories":[23],"tags":[],"_links":{"self":[{"href":"https:\/\/cebilbilitanos.com\/index.php?rest_route=\/wp\/v2\/posts\/1986"}],"collection":[{"href":"https:\/\/cebilbilitanos.com\/index.php?rest_route=\/wp\/v2\/posts"}],"about":[{"href":"https:\/\/cebilbilitanos.com\/index.php?rest_route=\/wp\/v2\/types\/post"}],"author":[{"embeddable":true,"href":"https:\/\/cebilbilitanos.com\/index.php?rest_route=\/wp\/v2\/users\/1"}],"replies":[{"embeddable":true,"href":"https:\/\/cebilbilitanos.com\/index.php?rest_route=%2Fwp%2Fv2%2Fcomments&post=1986"}],"version-history":[{"count":1,"href":"https:\/\/cebilbilitanos.com\/index.php?rest_route=\/wp\/v2\/posts\/1986\/revisions"}],"predecessor-version":[{"id":1988,"href":"https:\/\/cebilbilitanos.com\/index.php?rest_route=\/wp\/v2\/posts\/1986\/revisions\/1988"}],"wp:attachment":[{"href":"https:\/\/cebilbilitanos.com\/index.php?rest_route=%2Fwp%2Fv2%2Fmedia&parent=1986"}],"wp:term":[{"taxonomy":"category","embeddable":true,"href":"https:\/\/cebilbilitanos.com\/index.php?rest_route=%2Fwp%2Fv2%2Fcategories&post=1986"},{"taxonomy":"post_tag","embeddable":true,"href":"https:\/\/cebilbilitanos.com\/index.php?rest_route=%2Fwp%2Fv2%2Ftags&post=1986"}],"curies":[{"name":"wp","href":"https:\/\/api.w.org\/{rel}","templated":true}]}}