{"id":1983,"date":"2017-09-22T19:59:51","date_gmt":"2017-09-22T19:59:51","guid":{"rendered":"http:\/\/cebilbilitanos.com\/?p=1983"},"modified":"2017-09-20T09:46:54","modified_gmt":"2017-09-20T09:46:54","slug":"vicente-de-la-fuente-vivo-en-la-historia-1817-1889","status":"publish","type":"post","link":"https:\/\/cebilbilitanos.com\/?p=1983","title":{"rendered":"Vicente de la Fuente: vivo en la Historia (1817-1889)"},"content":{"rendered":"<p><img decoding=\"async\" loading=\"lazy\" class=\"aligncenter size-full wp-image-1760\" src=\"http:\/\/cebilbilitanos.com\/wp-content\/uploads\/2017\/08\/cabecera-web.png\" alt=\"\" width=\"1000\" height=\"244\" srcset=\"https:\/\/cebilbilitanos.com\/wp-content\/uploads\/2017\/08\/cabecera-web.png 1000w, https:\/\/cebilbilitanos.com\/wp-content\/uploads\/2017\/08\/cabecera-web-300x73.png 300w, https:\/\/cebilbilitanos.com\/wp-content\/uploads\/2017\/08\/cabecera-web-768x187.png 768w\" sizes=\"(max-width: 1000px) 100vw, 1000px\" \/><\/p>\n<p>En el mes de septiembre de 2017, coincidiendo con el bicentenario de su nacimiento, el Centro de Estudios Bilbilitanos prepar\u00f3 una exposici\u00f3n que resum\u00eda la vida y la obra de Vicente de la Fuente, insigne historiador nacido en Calatayud y autor de la, hasta ahora, \u00fanica historia general de la ciudad.<\/p>\n<p>La exposici\u00f3n constaba de diecis\u00e9is paneles que recorr\u00edan su vida, su obra y un pu\u00f1ado de fotograf\u00edas de su \u00e1lbum personal.<\/p>\n<p>Para superar el car\u00e1cter ef\u00edmero de la exposici\u00f3n, recogemos en estas p\u00e1ginas el contenido de cada uno de los paneles informativos complementados con las fuentes y otros documentos que enriquecen el contenido expuesto.<\/p>\n<ol>\n<li><a href=\"http:\/\/cebilbilitanos.com\/?page_id=1761\">Primeros a\u00f1os<\/a><\/li>\n<li><a href=\"http:\/\/cebilbilitanos.com\/?page_id=1769\">Primera formaci\u00f3n acad\u00e9mica<\/a><\/li>\n<li><a href=\"http:\/\/cebilbilitanos.com\/?page_id=1780\">Primera etapa en Madrid<\/a><\/li>\n<li><a href=\"http:\/\/cebilbilitanos.com\/?page_id=1790\">Etapa salmantina<\/a><\/li>\n<li><a href=\"http:\/\/cebilbilitanos.com\/?page_id=1800\">Instalaci\u00f3n definitiva en Madrid<\/a><\/li>\n<li><a href=\"http:\/\/cebilbilitanos.com\/?page_id=1808\">Del Sexenio Revolucionario a la Restauraci\u00f3n Borb\u00f3nica<\/a><\/li>\n<li><a href=\"http:\/\/cebilbilitanos.com\/?page_id=1816\">Rector de la Universidad de Madrid<\/a><\/li>\n<li><a href=\"http:\/\/cebilbilitanos.com\/?page_id=1830\">\u00daltima etapa de su vida<\/a><\/li>\n<li><a href=\"http:\/\/cebilbilitanos.com\/?page_id=1839\">Obras de Vicente de la Fuente (1)<\/a><\/li>\n<li><a href=\"http:\/\/cebilbilitanos.com\/?page_id=1849\">Obras de Vicente de la Fuente (2)<\/a><\/li>\n<li><a href=\"http:\/\/cebilbilitanos.com\/?page_id=1857\">Historia de Calatayud<\/a><\/li>\n<li><a href=\"http:\/\/cebilbilitanos.com\/?page_id=1865\">Vicente de la Fuente defensor del patrimonio<\/a><\/li>\n<li><a href=\"http:\/\/cebilbilitanos.com\/?page_id=1873\">Vicente de la Fuente y el periodismo espa\u00f1ol del siglo XIX<\/a><\/li>\n<li><a href=\"http:\/\/cebilbilitanos.com\/?page_id=1884\">Vicente de la Fuente y el catolicismo<\/a><\/li>\n<li><a href=\"http:\/\/cebilbilitanos.com\/?page_id=1894\">Homenaje nacional a Vicente de la Fuente<\/a><\/li>\n<li><a href=\"http:\/\/cebilbilitanos.com\/?page_id=1903\">Ap\u00e9ndice fotogr\u00e1fico<\/a><\/li>\n<\/ol>\n<p><img decoding=\"async\" loading=\"lazy\" class=\"aligncenter size-full wp-image-1980\" src=\"http:\/\/cebilbilitanos.com\/wp-content\/uploads\/2017\/09\/cartel-exposicion1.jpg\" alt=\"\" width=\"1690\" height=\"2416\" srcset=\"https:\/\/cebilbilitanos.com\/wp-content\/uploads\/2017\/09\/cartel-exposicion1.jpg 1690w, https:\/\/cebilbilitanos.com\/wp-content\/uploads\/2017\/09\/cartel-exposicion1-210x300.jpg 210w, https:\/\/cebilbilitanos.com\/wp-content\/uploads\/2017\/09\/cartel-exposicion1-768x1098.jpg 768w, https:\/\/cebilbilitanos.com\/wp-content\/uploads\/2017\/09\/cartel-exposicion1-716x1024.jpg 716w\" sizes=\"(max-width: 1690px) 100vw, 1690px\" \/><\/p>\n<p>La documentaci\u00f3n recopilada y los textos que conforman los paneles de la exposici\u00f3n se deben al trabajo de Carlos de la Fuente, con la colaboraci\u00f3n de Jos\u00e9 Ram\u00f3n Olalla en la edici\u00f3n y recopilaci\u00f3n documental; ambos son consejeros del Centro de Estudios Bilbilitanos.<\/p>\n","protected":false},"excerpt":{"rendered":"<p>En el mes de septiembre de 2017, coincidiendo con el bicentenario de su nacimiento, el Centro de Estudios Bilbilitanos prepar\u00f3 una exposici\u00f3n que resum\u00eda la vida y la obra de Vicente de la Fuente, insigne historiador nacido en Calatayud y &hellip; <a href=\"https:\/\/cebilbilitanos.com\/?p=1983\">Sigue leyendo <span class=\"meta-nav\">&rarr;<\/span><\/a><\/p>\n","protected":false},"author":1,"featured_media":0,"comment_status":"open","ping_status":"open","sticky":false,"template":"","format":"standard","meta":[],"categories":[23],"tags":[],"_links":{"self":[{"href":"https:\/\/cebilbilitanos.com\/index.php?rest_route=\/wp\/v2\/posts\/1983"}],"collection":[{"href":"https:\/\/cebilbilitanos.com\/index.php?rest_route=\/wp\/v2\/posts"}],"about":[{"href":"https:\/\/cebilbilitanos.com\/index.php?rest_route=\/wp\/v2\/types\/post"}],"author":[{"embeddable":true,"href":"https:\/\/cebilbilitanos.com\/index.php?rest_route=\/wp\/v2\/users\/1"}],"replies":[{"embeddable":true,"href":"https:\/\/cebilbilitanos.com\/index.php?rest_route=%2Fwp%2Fv2%2Fcomments&post=1983"}],"version-history":[{"count":1,"href":"https:\/\/cebilbilitanos.com\/index.php?rest_route=\/wp\/v2\/posts\/1983\/revisions"}],"predecessor-version":[{"id":1984,"href":"https:\/\/cebilbilitanos.com\/index.php?rest_route=\/wp\/v2\/posts\/1983\/revisions\/1984"}],"wp:attachment":[{"href":"https:\/\/cebilbilitanos.com\/index.php?rest_route=%2Fwp%2Fv2%2Fmedia&parent=1983"}],"wp:term":[{"taxonomy":"category","embeddable":true,"href":"https:\/\/cebilbilitanos.com\/index.php?rest_route=%2Fwp%2Fv2%2Fcategories&post=1983"},{"taxonomy":"post_tag","embeddable":true,"href":"https:\/\/cebilbilitanos.com\/index.php?rest_route=%2Fwp%2Fv2%2Ftags&post=1983"}],"curies":[{"name":"wp","href":"https:\/\/api.w.org\/{rel}","templated":true}]}}