{"id":1979,"date":"2017-09-19T10:57:32","date_gmt":"2017-09-19T10:57:32","guid":{"rendered":"http:\/\/cebilbilitanos.com\/?p=1979"},"modified":"2017-09-20T09:40:56","modified_gmt":"2017-09-20T09:40:56","slug":"vicente-de-la-fuente-vivo-en-la-historia","status":"publish","type":"post","link":"https:\/\/cebilbilitanos.com\/?p=1979","title":{"rendered":"Vicente de la Fuente: Vivo en la Historia"},"content":{"rendered":"<p><img decoding=\"async\" loading=\"lazy\" class=\"aligncenter size-full wp-image-1980\" src=\"http:\/\/cebilbilitanos.com\/wp-content\/uploads\/2017\/09\/cartel-exposicion1.jpg\" alt=\"\" width=\"1690\" height=\"2416\" srcset=\"https:\/\/cebilbilitanos.com\/wp-content\/uploads\/2017\/09\/cartel-exposicion1.jpg 1690w, https:\/\/cebilbilitanos.com\/wp-content\/uploads\/2017\/09\/cartel-exposicion1-210x300.jpg 210w, https:\/\/cebilbilitanos.com\/wp-content\/uploads\/2017\/09\/cartel-exposicion1-768x1098.jpg 768w, https:\/\/cebilbilitanos.com\/wp-content\/uploads\/2017\/09\/cartel-exposicion1-716x1024.jpg 716w\" sizes=\"(max-width: 1690px) 100vw, 1690px\" \/><\/p>\n<p>El pr\u00f3ximo viernes, 22 de septiembre, a las ocho de la tarde, tendr\u00e1 lugar<strong>\u00a0<\/strong>en<strong>\u00a0San Pedro de los Francos<\/strong>\u00a0la inauguraci\u00f3n de la exposici\u00f3n\u00a0<strong><em>Vicente de la Fuente: vivo en la Historia<\/em><\/strong>, en conmemoraci\u00f3n del segundo aniversario de su nacimiento (1817-1889).<\/p>\n<p>La exposici\u00f3n, organizada conjuntamente por el Centro de Estudios Bilbilitanos y el Ayuntamiento de Calatayud, consta de varias paneles explicativos sobre la vida y la obra de Vicente de la Fuente, as\u00ed como objetos personales, correspondencia y publicaciones suyas, expuestas en vitrinas. Carlos de la Fuente Sanju\u00e1n se ha encargado de organizar la exposici\u00f3n y Jos\u00e9 Ram\u00f3n Olalla Celma ha dise\u00f1ado los paneles.<\/p>\n<p>El horario es el siguiente:<\/p>\n<ul>\n<li><em>Inauguraci\u00f3n: 22 de septiembre a las 20 horas<\/em><\/li>\n<li><em>D\u00edas 23 y 24 de septiembre: de 11 a 13:30 y de 17 a 21 horas<\/em><\/li>\n<li><em>Del 25 al 29 de septiembre: de 19 a 21 horas<\/em><\/li>\n<li><em>D\u00edas 30 de septiembre y 1 de octubre: de 11 a 14 horas<\/em><\/li>\n<\/ul>\n<p>Como complemento a la exposici\u00f3n, en el momento de su inauguraci\u00f3n, se abrir\u00e1 un espacio Web en la p\u00e1gina del Centro de Estudios Bilbilitanos donde podr\u00e1 consultarse directamente, adem\u00e1s de los paneles que forman la exposici\u00f3n, una amplia bibliograf\u00eda acerca de Vicente de la Fuente.<\/p>\n<p>Esperamos vuestra asistencia y que difund\u00e1is esta interesante exposici\u00f3n entre todos aquellos que puedan estar interesados.<\/p>\n","protected":false},"excerpt":{"rendered":"<p>El pr\u00f3ximo viernes, 22 de septiembre, a las ocho de la tarde, tendr\u00e1 lugar\u00a0en\u00a0San Pedro de los Francos\u00a0la inauguraci\u00f3n de la exposici\u00f3n\u00a0Vicente de la Fuente: vivo en la Historia, en conmemoraci\u00f3n del segundo aniversario de su nacimiento (1817-1889). La exposici\u00f3n, &hellip; <a href=\"https:\/\/cebilbilitanos.com\/?p=1979\">Sigue leyendo <span class=\"meta-nav\">&rarr;<\/span><\/a><\/p>\n","protected":false},"author":1,"featured_media":0,"comment_status":"open","ping_status":"open","sticky":false,"template":"","format":"standard","meta":[],"categories":[28,23],"tags":[],"_links":{"self":[{"href":"https:\/\/cebilbilitanos.com\/index.php?rest_route=\/wp\/v2\/posts\/1979"}],"collection":[{"href":"https:\/\/cebilbilitanos.com\/index.php?rest_route=\/wp\/v2\/posts"}],"about":[{"href":"https:\/\/cebilbilitanos.com\/index.php?rest_route=\/wp\/v2\/types\/post"}],"author":[{"embeddable":true,"href":"https:\/\/cebilbilitanos.com\/index.php?rest_route=\/wp\/v2\/users\/1"}],"replies":[{"embeddable":true,"href":"https:\/\/cebilbilitanos.com\/index.php?rest_route=%2Fwp%2Fv2%2Fcomments&post=1979"}],"version-history":[{"count":1,"href":"https:\/\/cebilbilitanos.com\/index.php?rest_route=\/wp\/v2\/posts\/1979\/revisions"}],"predecessor-version":[{"id":1981,"href":"https:\/\/cebilbilitanos.com\/index.php?rest_route=\/wp\/v2\/posts\/1979\/revisions\/1981"}],"wp:attachment":[{"href":"https:\/\/cebilbilitanos.com\/index.php?rest_route=%2Fwp%2Fv2%2Fmedia&parent=1979"}],"wp:term":[{"taxonomy":"category","embeddable":true,"href":"https:\/\/cebilbilitanos.com\/index.php?rest_route=%2Fwp%2Fv2%2Fcategories&post=1979"},{"taxonomy":"post_tag","embeddable":true,"href":"https:\/\/cebilbilitanos.com\/index.php?rest_route=%2Fwp%2Fv2%2Ftags&post=1979"}],"curies":[{"name":"wp","href":"https:\/\/api.w.org\/{rel}","templated":true}]}}